{"id":942,"date":"2019-05-23T08:42:20","date_gmt":"2019-05-23T08:42:20","guid":{"rendered":"https:\/\/www.adventdesk.com\/home\/?p=942"},"modified":"2019-05-23T23:00:04","modified_gmt":"2019-05-23T23:00:04","slug":"leffectif-de-membres-adventistes-connait-une-croissance-substantielle-mais-les-defis-demeurent","status":"publish","type":"post","link":"https:\/\/www.adventdesk.com\/home\/leffectif-de-membres-adventistes-connait-une-croissance-substantielle-mais-les-defis-demeurent\/","title":{"rendered":"L\u2019effectif de membres Adventistes conna\u00eet une croissance substantielle, mais les d\u00e9fis demeurent"},"content":{"rendered":"<div class=\"post-info-superior\">\n<div class=\"post-info-contenedor\">\n<p><strong>Maryland, United States &#8211; 9 oct 2017<\/strong><\/p>\n<\/div>\n<\/div>\n<div class=\"contenedor-cuerpo-post contenedor-detalle-noticia\">\n<div id=\"attachment_31521\" class=\"wp-caption aligncenter\">\n<p><a title=\"L\u2019effectif de membres Adventistes conna\u00eet une croissance substantielle, mais les d\u00e9fis demeurent\" href=\"http:\/\/www.interamerica.org\/interamerica\/wp-content\/uploads\/2017\/10\/adventist-membership-grows-substantially-but-challenges-remain.jpg\" rel=\"fancybox\"><img decoding=\"async\" loading=\"lazy\" class=\" wp-image-31521\" src=\"http:\/\/www.interamerica.org\/interamerica\/wp-content\/uploads\/2017\/10\/adventist-membership-grows-substantially-but-challenges-remain.jpg\" alt=\"\" width=\"798\" height=\"399\" aria-describedby=\"caption-attachment-31521\" \/><\/a><\/p>\n<p id=\"caption-attachment-31521\" class=\"wp-caption-text\">David Trim, directeur des Archives, des Statistiques et de la Recherche pr\u00e9sente les tendances et les statistiques \u00e0 propos de l\u2019effectif de membres. Image de Mylon Medley \/ ANN<\/p>\n<\/div>\n<p><span class=\"byline-news\">8 octobre 2017 \u2013 Silver Spring, Maryland, \u00c9tats-Unis |\u00a0<em>Adventist Review<\/em><\/span><\/p>\n<p><span class=\"cap\">L\u2019<\/span>effectif de membres de l\u2019Eglise Adventiste du Septi\u00e8me Jour dans le monde entier conna\u00eet une croissance rapide, a d\u00e9clar\u00e9 le directeur du Bureau des Archives, des Statistiques et de la Recherche (ASTR), David Trim, dans la pr\u00e9sentation d\u2019ouverture du rapport du Secr\u00e9tariat. Il a \u00e9t\u00e9 le premier d\u2019entre plusieurs intervenants du bureau du Secr\u00e9tariat de l\u2019Eglise Adventiste mondiale, lors de la session du 8 octobre du Comit\u00e9 Ex\u00e9cutif (C.E.) qui se tient \u00e0 Silver Spring, dans le Maryland aux \u00c9tats-Unis.<\/p>\n<\/div>\n<p><!--more--><\/p>\n<p>La pr\u00e9sentation de David Trim, qui a mis en lumi\u00e8re les tendances statistiques, a annonc\u00e9 que depuis le 30 juin 2017, l\u2019\u00c9glise Adventiste compte 20343814 membres baptis\u00e9s \u00e0 travers le monde. Il a expliqu\u00e9 que l\u2019augmentation s\u2019expliquait entre autre par le fait qu\u2019un processus de v\u00e9rification des registres, qui vise \u00e0 mettre \u00e0 jour la situation des membres qui ont abandonn\u00e9 l\u2019\u00e9glise, a ralenti apr\u00e8s plusieurs ann\u00e9es de mise en \u0153uvre r\u00e9guli\u00e8re dans la plupart des r\u00e9gions du monde. Le taux de mortalit\u00e9 des membres est \u00e9galement plus bas, a-t-il ajout\u00e9.<\/p>\n<div class=\"contenedor-cuerpo-post contenedor-detalle-noticia\">\n<p>Le processus de v\u00e9rification des registres de membres doit cependant se poursuivre, a dit David Trim. \u00ab Conna\u00eetre les vrais chiffres nous aide \u00e0 \u00eatre de bons intendants et nous aide dans notre planification strat\u00e9gique, \u00bb a-t-il dit. La v\u00e9rification des registres de membres \u00ab est un outil essentiel du minist\u00e8re pastoral. \u00bb<\/p>\n<p>David Trim a \u00e9galement partag\u00e9 avec les membres du C.E. que le taux de perte de membres est assez \u00e9lev\u00e9: 39% soit 2 nouveaux membres sur 5. \u00ab Permettez-moi de vous rappeler qu\u2019en g\u00e9n\u00e9ral les membres ne partent pas \u00e0 cause de divergences th\u00e9ologiques, mais parce qu\u2019ils traversent une crise dans leur vie ou qu\u2019ils vivent un conflit dans la communaut\u00e9 de l\u2019\u00e9glise, \u00bb a-t-il dit. \u00ab Ils ont peut \u00eatre le sentiment qu\u2019ils ne manquent \u00e0 personne, qu\u2019ils sont n\u00e9glig\u00e9s, qu\u2019on ne leur accorde pas grande importance, et apr\u00e8s quelques ann\u00e9es, ils passent \u00e0 travers les mailles du filet. \u00bb<\/p>\n<p>Malgr\u00e9 les pertes, David Trim a d\u00e9clar\u00e9 que le nombre total d\u2019entr\u00e9es de membres augmente, car de nombreuses r\u00e9gions du monde connaissent du succ\u00e8s dans le domaine missionnaire. \u00ab Une personne est baptis\u00e9e dans l\u2019Eglise Adventiste toutes les 23 secondes, \u00bb a dit David Trim. \u00ab Au cours des deux derni\u00e8res ann\u00e9es, le nombre de bapt\u00eames atteint en moyenne plus de 3000 personnes par jour. \u00bb Et le nombre de nouvelles \u00e9glises augmente \u2013 un des meilleurs indicateurs d\u2019une croissance r\u00e9guli\u00e8re.<\/p>\n<p>David Trim a affich\u00e9 des chiffres qui montrent que bien qu\u2019en 1991, il y avait un membre Adventiste pour 758 habitants, \u00e0 partir de 2016, ce chiffre est pass\u00e9 \u00e0 un membre pour 371 habitants. Une autre fa\u00e7on de le constater ? En 1991, il y avait 13 membres pour 10000 habitants, alors qu\u2019il y en a actuellement 27. \u00ab Le chiffre a plus que doubl\u00e9 en un quart de si\u00e8cle, \u00bb a-t-il dit.<\/p>\n<p>Un grand d\u00e9fi subsiste, a dit David Trim, dans ce que l\u2019on appelle la \u00ab Fen\u00eatre 10\/40, \u00bb une r\u00e9gion g\u00e9ographique comprenant 69 nations o\u00f9 la majorit\u00e9 de la population n\u2019est pas chr\u00e9tienne. \u00ab Alors qu\u2019environ 40% de la population mondiale vit dans cette r\u00e9gion, il y a moins de 3 millions de membres Adventistes dans cette partie du monde, \u00bb a dit David Trim. \u00ab Cela \u00e9quivaut \u00e0 seulement 10 membres pour 10000 habitants. \u00bb<\/p>\n<p>David Trim a conclu en rappelant aux membres du C.E. que l\u2019examen des chiffres est toujours un moyen, pas une fin en soi. \u00ab Il nous aide \u00e0 savoir o\u00f9 nous en sommes et de savoir o\u00f9 aller, \u00bb a-t-il dit. \u00ab Mais si nous utilisons les chiffres pour nous d\u00e9finir, ils nous feront du tort. \u00bb<\/p>\n<p><strong>Mission au Monde<\/strong><\/p>\n<div id=\"attachment_31524\" class=\"wp-caption alignleft\">\n<p><a title=\"L\u2019effectif de membres Adventistes conna\u00eet une croissance substantielle, mais les d\u00e9fis demeurent\" href=\"http:\/\/www.interamerica.org\/interamerica\/wp-content\/uploads\/2017\/10\/GaryKrause-AC2017.jpg\" rel=\"fancybox\"><img decoding=\"async\" loading=\"lazy\" class=\" wp-image-31524\" src=\"http:\/\/www.interamerica.org\/interamerica\/wp-content\/uploads\/2017\/10\/GaryKrause-AC2017.jpg\" alt=\"\" width=\"423\" height=\"282\" aria-describedby=\"caption-attachment-31524\" \/><\/a><\/p>\n<p id=\"caption-attachment-31524\" class=\"wp-caption-text\">Gary Krause, directeur de Mission Globale Adventiste, a partag\u00e9 des statistiques sur la situation de la mission adventiste. Image de Mylon Medley \/ ANN<\/p>\n<\/div>\n<p>Le directeur de Mission Adventiste, Gary Krause, est mont\u00e9 sur l\u2019estrade apr\u00e8s David Trim pour partager ce qu\u2019il a appel\u00e9 \u00ab Mission Landscape 2017\u00bb (Paysage de Mission 2017). Il a dit aux membres du C.E. que le nombre de missionnaires qui desservent des r\u00e9gions autres que les leurs est actuellement de 814 adultes et leurs familles. La plupart sortent d\u2019Am\u00e9rique du Nord pour servir dans une autre r\u00e9gion de l\u2019\u00e9glise, a-t-il dit. Un plan visant \u00e0 envoyer des professionnels de la dentisterie et de la m\u00e9decine dans le monde compte actuellement 62 missionnaires, plus 31 autres qui se pr\u00e9parent \u00e0 partir.<\/p>\n<p>Sous le parapluie de Mission Adventiste, il y a aussi l\u2019Institut de la Mission Mondiale (IWM), qui offre une formation interculturelle aux missionnaires servant \u00e0 l\u2019\u00e9tranger. IWM offre \u00e9galement une formation de r\u00e9int\u00e9gration pour les missionnaires qui retournent dans leur pays d\u2019origine, et pr\u00e9voit un atelier interculturel et un voyage pour les enfants de missionnaires en 2018.<\/p>\n<p>Adventist Volunteer Services (Services de B\u00e9n\u00e9voles Adventistes), qui fait \u00e9galement partie de Mission Adventiste, compte actuellement 1200 volontaires intra-divisions, 411 d\u2019entre eux venant de la Division Nord Am\u00e9ricaine et 270 de la Division Sud Am\u00e9ricaine, les deux principales r\u00e9gions ayant plac\u00e9 des volontaires au niveau international. Le mandat de Mission Adventiste est \u00e9galement de sensibiliser \u00e0 la mission, ainsi que mettre \u00e0 disposition des ressources qui peuvent \u00eatre t\u00e9l\u00e9charg\u00e9es dans plusieurs langues.<\/p>\n<p>Les Pionniers de Mission Mondiale, des personnes qui voyagent pour servir et implanter des \u00e9glises dans des r\u00e9gions souvent isol\u00e9es o\u00f9 il n\u2019y a pas de pr\u00e9sence Adventiste, sont plus de 2000 dans 130 pays, a d\u00e9clar\u00e9 Gary Krause. Et l\u2019ann\u00e9e derni\u00e8re, son bureau a allou\u00e9 la somme de 2,3 millions de dollars US \u00e0 687 projets d\u2019implantation d\u2019\u00e9glises \u00e0 travers le monde.<\/p>\n<p>Gary Krause a d\u00e9clar\u00e9 qu\u2019ils utilisent les derni\u00e8res m\u00e9thodes et technologies pour mieux servir les gens.<\/p>\n<p>\u00ab Gr\u00e2ce \u00e0 un nouveau Syst\u00e8me de Priorit\u00e9 Strat\u00e9gique de Mission Globale, qui cartographie les r\u00e9gions du monde ayant les plus grands besoins en termes de pr\u00e9sence Adventiste, nous pourrons accorder une attention particuli\u00e8re aux projets dans les villes et les zones de grande priorit\u00e9, \u00bb a-t-il dit.<\/p>\n<p>Une partie de ces projets comprend l\u2019\u00e9tablissement de \u00ab Centres d\u2019Espoir de Vie, \u00bb o\u00f9 les membres d\u2019\u00e9glise locaux ainsi que les missionnaires peuvent se tourner vers la communaut\u00e9 environnante en proposant divers services. \u00ab L\u2019ann\u00e9e derni\u00e8re, nous avons allou\u00e9 5,5 millions de dollars US aux Centres d\u2019Espoir de Vie, \u00bb a-t-il d\u00e9clar\u00e9. \u00ab Et le nombre de demandes a explos\u00e9. \u00bb Beaucoup de ces \u00ab centres d\u2019influence \u00bb ont d\u00e9j\u00e0 ouvert leurs portes sur plusieurs continents, et beaucoup d\u2019autres sont en chantier.<\/p>\n<p><strong>Les Le\u00e7ons de l\u2019Histoire<\/strong><\/p>\n<div id=\"attachment_31527\" class=\"wp-caption alignleft\">\n<p><a title=\"L\u2019effectif de membres Adventistes conna\u00eet une croissance substantielle, mais les d\u00e9fis demeurent\" href=\"http:\/\/www.interamerica.org\/interamerica\/wp-content\/uploads\/2017\/10\/GTNg-AC2017.jpg\" rel=\"fancybox\"><img decoding=\"async\" loading=\"lazy\" class=\" wp-image-31527\" src=\"http:\/\/www.interamerica.org\/interamerica\/wp-content\/uploads\/2017\/10\/GTNg-AC2017.jpg\" alt=\"\" width=\"422\" height=\"281\" aria-describedby=\"caption-attachment-31527\" \/><\/a><\/p>\n<p id=\"caption-attachment-31527\" class=\"wp-caption-text\">G.T. Ng, Secr\u00e9taire Ex\u00e9cutif de la Conf\u00e9rence G\u00e9n\u00e9rale, partage les le\u00e7ons de l\u2019histoire lors de diverses crises. Image de Mylon Medley \/ ANN<\/p>\n<\/div>\n<p>Dans la derni\u00e8re partie du rapport du Secr\u00e9tariat, le Secr\u00e9taire Ex\u00e9cutif de l\u2019Eglise Adventiste mondiale, G. T. Ng, a fait une pr\u00e9sentation mettant l\u2019accent sur plusieurs d\u00e9fections et crises dans l\u2019histoire de l\u2019Eglise Adventiste.<\/p>\n<p>\u00ab Il n\u2019y a pas de navigation paisible, \u00bb a dit G.T. Ng en discutant des crises telles que la crise th\u00e9ologique de 1888 et la crise de Kellogg au d\u00e9but du 20\u00e8me si\u00e8cle. \u00ab Il y a des hauts et des bas. \u00bb<\/p>\n<p>Ng a d\u00e9clar\u00e9 qu\u2019il croit que ces exp\u00e9riences pass\u00e9es \u00e9clairent le pr\u00e9sent, car elles d\u00e9montrent comment la direction divine a en quelque sorte surpass\u00e9 les perturbations humaines et a aid\u00e9 l\u2019\u00e9glise \u00e0 avancer m\u00eame avant que chaque crise ne s\u2019apaise.<\/p>\n<p>\u00ab Bien que l\u2019\u00e9glise soit loin d\u2019\u00eatre parfaite, les conseils inspir\u00e9s nous disent qu\u2019il n\u2019y aura pas une autre \u00e9glise qui sera suscit\u00e9e, \u00bb a soulign\u00e9 Ng. \u00ab La mission doit se poursuivre. \u00bb<\/p>\n<p>Le pr\u00e9sident de l\u2019Eglise Adventiste mondiale, Ted N.C. Wilson, a appr\u00e9ci\u00e9 la contribution de G.T. Ng. \u00ab Il y a beaucoup de v\u00e9rit\u00e9 dans ce qui a \u00e9t\u00e9 dit, \u00bb a-t-il conclu.<\/p>\n<p>Apr\u00e8s quelques commentaires exprimant certaines pr\u00e9occupations et des demandes de clarification \u00e0 propos de la pr\u00e9sentation de G.T. Ng exprim\u00e9s par des membres du C.E., le rapport du Secr\u00e9tariat a \u00e9t\u00e9 massivement adopt\u00e9.<\/p>\n<p>Source:\u00a0 Site de la Division Interam\u00e9ricaine des Adventistes du Septi\u00e8me jour<\/p>\n<\/div>\n<p>&nbsp;<\/p>\n<p>&nbsp;<\/p>\n","protected":false},"excerpt":{"rendered":"<p>Maryland, United States &#8211; 9 oct 2017 David Trim, directeur des Archives, des Statistiques et de la Recherche pr\u00e9sente les tendances et les statistiques \u00e0 propos de l\u2019effectif de membres. Image de Mylon Medley \/ ANN 8 octobre 2017 \u2013 Silver Spring, Maryland, \u00c9tats-Unis |\u00a0Adventist Review L\u2019effectif de membres de l\u2019Eglise Adventiste du Septi\u00e8me Jour [&hellip;]<\/p>\n","protected":false},"author":57,"featured_media":944,"comment_status":"open","ping_status":"closed","sticky":false,"template":"","format":"standard","meta":[],"categories":[218],"tags":[404,410,411],"aioseo_notices":[],"post_mailing_queue_ids":[],"_links":{"self":[{"href":"https:\/\/www.adventdesk.com\/home\/wp-json\/wp\/v2\/posts\/942"}],"collection":[{"href":"https:\/\/www.adventdesk.com\/home\/wp-json\/wp\/v2\/posts"}],"about":[{"href":"https:\/\/www.adventdesk.com\/home\/wp-json\/wp\/v2\/types\/post"}],"author":[{"embeddable":true,"href":"https:\/\/www.adventdesk.com\/home\/wp-json\/wp\/v2\/users\/57"}],"replies":[{"embeddable":true,"href":"https:\/\/www.adventdesk.com\/home\/wp-json\/wp\/v2\/comments?post=942"}],"version-history":[{"count":0,"href":"https:\/\/www.adventdesk.com\/home\/wp-json\/wp\/v2\/posts\/942\/revisions"}],"wp:featuredmedia":[{"embeddable":true,"href":"https:\/\/www.adventdesk.com\/home\/wp-json\/wp\/v2\/media\/944"}],"wp:attachment":[{"href":"https:\/\/www.adventdesk.com\/home\/wp-json\/wp\/v2\/media?parent=942"}],"wp:term":[{"taxonomy":"category","embeddable":true,"href":"https:\/\/www.adventdesk.com\/home\/wp-json\/wp\/v2\/categories?post=942"},{"taxonomy":"post_tag","embeddable":true,"href":"https:\/\/www.adventdesk.com\/home\/wp-json\/wp\/v2\/tags?post=942"}],"curies":[{"name":"wp","href":"https:\/\/api.w.org\/{rel}","templated":true}]}}