{"id":5441,"date":"2025-04-06T19:03:32","date_gmt":"2025-04-06T19:03:32","guid":{"rendered":"https:\/\/www.adventdesk.com\/home\/?p=5441"},"modified":"2025-04-06T19:03:32","modified_gmt":"2025-04-06T19:03:32","slug":"pourquoi-tombons-nous-malades","status":"publish","type":"post","link":"https:\/\/www.adventdesk.com\/home\/pourquoi-tombons-nous-malades\/","title":{"rendered":"Pourquoi tombons-nous malades ?"},"content":{"rendered":"<p class=\"has-drop-cap\">Depuis plusieurs ann\u00e9es, ma femme affirme que J\u00e9sus \u00e9tait m\u00e9decin (sa profession \u00e0 elle), et moi, je lui r\u00e9ponds qu\u2019il \u00e9tait kin\u00e9sith\u00e9rapeute, en raison du type de gu\u00e9rison qu\u2019il faisait ! La Bible mentionne un grand nombre de miracles li\u00e9s au r\u00e9tablissement de la d\u00e9marche et de la posture. En voici quelques-uns : la femme courb\u00e9e qui a \u00e9t\u00e9 gu\u00e9rie apr\u00e8s 18 ans (Lc 13.10-13), l\u2019homme handicap\u00e9 \u00e0 la piscine de B\u00e9thesda qui a enfin pu marcher apr\u00e8s 38 ans d\u2019immobilit\u00e9 (Jn 5), la gu\u00e9rison de l\u2019homme \u00e0 la main s\u00e8che (Mc 3), et l\u2019homme handicap\u00e9 que ses amis ont descendu par le toit (Mc 2).<\/p>\n<p><!--more--><\/p>\n<p>Quel que soit le type de miracles de gu\u00e9rison accomplis par le Sauveur, tous \u00e9taient rev\u00eatus d\u2019un manteau de mis\u00e9ricorde, d\u2019empathie et d\u2019amour. J\u00e9sus appliquait ces qualit\u00e9s \u00e0 sa communaut\u00e9 et \u00e0 tous ceux qui croyaient en lui. Comme l\u2019a dit Ellen G. White, \u00ab il ne cessait d\u2019aller de lieu en lieu, faisant du bien \u00bb<sup>1<\/sup>. Des gens afflig\u00e9s de toutes sortes de maux \u2013 non seulement physiques mais aussi \u00e9motionnels \u2013 venaient au Seigneur. L\u2019ap\u00f4tre Jean nous assure que J\u00e9sus a aussi le pouvoir d\u2019\u00f4ter le p\u00e9ch\u00e9 du c\u0153ur (1 Jn 3.5).<\/p>\n<p>L\u2019un des exemples les plus \u00e9vidents de cela est la gu\u00e9rison de l\u2019homme paralys\u00e9 que ses amis avaient fait descendre par le toit. Les premiers mots que J\u00e9sus lui a adress\u00e9s sont les suivants : \u00ab Mon enfant, tes p\u00e9ch\u00e9s sont pardonn\u00e9s<sup>2<\/sup>. \u00bb (Mc 2.3-5) J\u00e9sus a lib\u00e9r\u00e9 cet homme d\u2019un \u00e9norme fardeau \u00e9motionnel et lui a apport\u00e9 ensuite la gu\u00e9rison physique.<\/p>\n<p>Dans Matthieu 15, nous lisons : \u00ab Alors s\u2019approcha de lui une grande foule, ayant avec elle des boiteux, des aveugles, des muets, des estropi\u00e9s, et beaucoup d\u2019autres malades. On les mit \u00e0 ses pieds, et il les gu\u00e9rit ; en sorte que la foule \u00e9tait dans l\u2019admiration de voir que les muets parlaient, que les estropi\u00e9s \u00e9taient gu\u00e9ris, que les boiteux marchaient, que les aveugles voyaient \u00bb (v. 30,31). Ces types de miracles sont li\u00e9s \u00e0 ce que nous appelons aujourd\u2019hui la \u00ab r\u00e9habilitation \u00bb.<\/p>\n<p>La lecture de l\u2019\u0153uvre de J\u00e9sus ici-bas nous aide \u00e0 comprendre la vari\u00e9t\u00e9 et la quantit\u00e9 de pathologies qui existaient \u00e0 l\u2019\u00e9poque. Bien que de nombreux facteurs \u2013 y compris le r\u00e9gime alimentaire \u2013 aient \u00e9t\u00e9 diff\u00e9rents, il y avait moins de contamination chimique, moins d\u2019aliments transform\u00e9s et un mode de vie plus naturel. Si nous comparons ce mode de vie \u00e0 celui que nous connaissons aujourd\u2019hui, une grande \u00e9nigme se pose : d\u2019o\u00f9 viennent les maladies ? Malgr\u00e9 les progr\u00e8s de la m\u00e9decine et de la technologie, pourquoi n\u2019avons-nous pas r\u00e9ussi \u00e0 \u00e9radiquer ou \u00e0 pr\u00e9venir ces maladies ? D\u2019o\u00f9 viennent les maladies qui apparaissent spontan\u00e9ment et dont on ne conna\u00eet pas la cause (dites \u00ab idiopathiques \u00bb) ? Pourquoi les gens tombent-ils malades alors qu\u2019ils ont une alimentation saine, font de l\u2019exercice quotidiennement, boivent de l\u2019eau et pratiquent toutes les activit\u00e9s que la m\u00e9decine occidentale consid\u00e8re comme n\u00e9cessaires \u00e0 une vie longue et \u00e9quilibr\u00e9e<sup>3<\/sup>\u00a0?<\/p>\n<p>Il y a quelque temps, j\u2019ai eu un patient \u00e2g\u00e9 de 40 ans qui a subi un accident vasculaire c\u00e9r\u00e9bral (AVC) isch\u00e9mique. Il \u00e9tait sportif, suivait un r\u00e9gime v\u00e9g\u00e9tarien, dormait huit heures par nuit, n\u2019avait pas d\u2019ant\u00e9c\u00e9dents m\u00e9dicaux pertinents et avait un indice de masse corporelle (IMC) normal de 22,4. Ses examens de laboratoire de contr\u00f4le se situaient dans les valeurs optimales, compte tenu de son \u00e2ge et de sa condition physique. Au d\u00e9but, cela me semblait \u00eatre un cas isol\u00e9 ; mais apr\u00e8s r\u00e9flexion, je me suis rendu compte que j\u2019avais vu plusieurs cas similaires au cours de ma carri\u00e8re. Et je me suis pos\u00e9 de nombreuses questions : Quelles en \u00e9taient les causes ? Qu\u2019est-ce qui manquait dans le mode de vie de mes patients ? Pourquoi ces incidents s\u2019\u00e9taient-ils produits chez des personnes apparemment en bonne sant\u00e9 ?<\/p>\n<p>Apr\u00e8s avoir analys\u00e9 ces cas en profondeur, j\u2019ai remarqu\u00e9 que ces patients avaient tous un point commun : avant le d\u00e9clenchement de l\u2019AVC, quelque chose \u00e0 fort impact \u00e9motionnel leur \u00e9tait arriv\u00e9 \u2013 d\u00e9c\u00e8s d\u2019un proche, graves probl\u00e8mes juridiques ou \u00e9conomiques, divorce, etc.<\/p>\n<p>Dans sa recherche intitul\u00e9e \u00ab Le stress au travail : un facteur de risque d\u2019accident vasculaire c\u00e9r\u00e9bral \u00bb [original en espagnol], C\u00e9sar Alfredo Martinez Plaza a mis en \u00e9vidence la relation directe entre le stress li\u00e9 au travail, quelle que soit la profession, et l\u2019apparition d\u2019un accident vasculaire c\u00e9r\u00e9bral<sup>4<\/sup>.<\/p>\n<p>De m\u00eame, Manolete Moscoso, dans sa recherche intitul\u00e9e \u00ab De l\u2019esprit \u00e0 la cellule : impact du stress en psycho-neuro-immuno-endocrinologie \u00bb [original en espagnol], d\u00e9crit l\u2019impact n\u00e9gatif du stress chronique sur les syst\u00e8mes nerveux, endocrinien et immunitaire, ainsi que son r\u00f4le dans l\u2019apparition de plusieurs maladies. En outre, Moscoso montre comment le stress chronique produit un d\u00e9s\u00e9quilibre biochimique qui conduit au d\u00e9veloppement de diverses maladies inflammatoires et m\u00e9taboliques telles que l\u2019ob\u00e9sit\u00e9, le diab\u00e8te de type 2, et les maladies cardiovasculaires<sup>5<\/sup>.<\/p>\n<p>Une autre \u00e9tude, men\u00e9e par Bruce S. McEwen, affirme aussi que le stress alt\u00e8re l\u2019\u00e9quilibre hom\u00e9ostatique de l\u2019organisme. Les effets cumul\u00e9s du stress chronique entra\u00eenent la transformation des m\u00e9diateurs physiologiques de la r\u00e9ponse au stress de l\u2019organisme, notamment le cortisol, l\u2019adr\u00e9naline, l\u2019insuline, la vasopressine, les endorphines et les cytokines. Le stress chronique peut augmenter de mani\u00e8re n\u00e9faste la production de ces m\u00e9diateurs ou entra\u00eener une lib\u00e9ration insuffisante dans tout le corps<sup>6<\/sup>.<\/p>\n<p>Consid\u00e9rons ce que les Saintes \u00c9critures et les \u00e9crits d\u2019Ellen White nous disent sur l\u2019origine des diff\u00e9rentes affections et maladies qui ont afflig\u00e9 les \u00eatres humains depuis le d\u00e9but du p\u00e9ch\u00e9 sur notre plan\u00e8te. La messag\u00e8re du Seigneur a d\u00e9crit les facteurs qui favorisent l\u2019apparition de la maladie. L\u2019un des plus connus se trouve dans son livre intitul\u00e9\u00a0<i>Pour un bon \u00e9quilibre mental et spirituel<\/i>\u00a0: \u00ab Les maladies de l\u2019esprit r\u00e8gnent partout. Les neuf dixi\u00e8mes des maux dont souffre l\u2019humanit\u00e9 viennent de l\u00e0<sup>7<\/sup>. \u00bb<\/p>\n<p>Par ailleurs, Ellen White a mis en \u00e9vidence plusieurs facteurs pr\u00e9disposant aux maladies, tels que les difficult\u00e9s familiales, les remords, la croyance en des doctrines erron\u00e9es et les conceptions d\u00e9form\u00e9es du caract\u00e8re de Dieu<sup>8<\/sup>. Ces id\u00e9es sont en parfaite corr\u00e9lation avec ce que David a \u00e9crit un jour : \u00ab Tant que je me suis tu, mes os se consumaient, je g\u00e9missais toute la journ\u00e9e \u00bb (Ps 32.3). Ses remords le rendaient litt\u00e9ralement malade ! Un autre exemple clair de ce ph\u00e9nom\u00e8ne se trouve dans Proverbes 17.22 : \u00ab Un c\u0153ur joyeux est un bon rem\u00e8de, mais un esprit abattu dess\u00e8che les os. \u00bb<\/p>\n<p>Si on compare Proverbes 17.22 avec ce que la science a d\u00e9couvert \u00e0 ce jour, on peut associer cet \u00ab esprit abattu \u00bb \u00e0 un \u00e9tat \u00e9motionnel (d\u00e9pression, anxi\u00e9t\u00e9, tristesse persistante, etc.) qui, d\u2019une mani\u00e8re ou d\u2019une autre, produit une condition physique. En voici un exemple actuel. Des \u00e9tudes montrent qu\u2019il y a un d\u00e9veloppement relativement fr\u00e9quent de m\u00e9tastases osseuses secondaires \u00e0 un cancer du poumon<sup>9<\/sup>. Selon les recherches, le tabagisme est la principale cause du cancer du poumon<sup>10<\/sup>, lequel est luim\u00eame \u00e9troitement li\u00e9 \u00e0 la d\u00e9pression \u2013 une maladie ou un trouble mental<sup>11<\/sup>\u00a0qui, selon l\u2019Organisation mondiale de la sant\u00e9, se caract\u00e9rise par une profonde tristesse<sup>12<\/sup>. En d\u2019autres termes, la d\u00e9pression est le facteur intrins\u00e8que le plus important qui entra\u00eene le d\u00e9but de consommation de nicotine<sup>13<\/sup>\u00a0, laquelle, quand on l\u2019ing\u00e8re en fumant, en vapotant ou en chiquant du tabac, provoque le cancer du poumon et d\u2019autres maladies<sup>14<\/sup>. Si l\u2019on tra\u00e7ait une ligne du temps, on obtiendrait le r\u00e9sultat suivant : la d\u00e9pression entra\u00eene le tabagisme, y compris la cigarette et le vapotage, ce qui provoque le cancer du poumon (ainsi que bien d\u2019autres maladies). Le cancer du poumon entra\u00eene des m\u00e9tastases osseuses conduisant \u00e0 la mort.<\/p>\n<p>\u00ab Car le salaire du p\u00e9ch\u00e9, c\u2019est la mort \u00bb (Rm 6.23). Difficile de croire que le Dieu d\u2019amour que nous connaissons se comporterait d\u2019une mani\u00e8re aussi injuste en punissant le p\u00e9cheur de mort ! Cela \u00e9quivaudrait \u00e0 dire : \u00ab Si tu ne fais pas ce que je te dis, je te tuerai. \u00bb Dans ce type de postulat, o\u00f9 le libre arbitre aurait-il sa place ? La mort survient dans de nombreux cas \u00e0 cause de certaines d\u00e9cisions humaines, de l\u2019alt\u00e9ration des lois naturelles, ou d\u2019un manque d\u2019amour de soi<sup>15<\/sup>. Les cons\u00e9quences du p\u00e9ch\u00e9 sur le corps humain pullulent ; elles alt\u00e8rent le bon fonctionnement du corps. Que se passerait-il si, par exemple, le propri\u00e9taire d\u2019une voiture faisait le plein d\u2019eau dans son v\u00e9hicule, alors que celui-ci est con\u00e7u pour fonctionner \u00e0 l\u2019essence ? Cette erreur ab\u00eemerait, \u00e0 coup s\u00fbr, le moteur ! Qui en serait responsable ? Le concepteur du v\u00e9hicule ou le propri\u00e9taire ? Le dysfonctionnement du moteur serait-il imputable \u00e0 ce dernier en raison de sa mauvaise d\u00e9cision, ou \u00e0 la d\u00e9cision du concepteur de punir le propri\u00e9taire ? Pourquoi nous engageons-nous dans des activit\u00e9s qui nous nuisent ? Pourquoi ignorons-nous les instructions bibliques concernant les soins \u00e0 apporter \u00e0 notre corps ?<\/p>\n<p>Tout d\u2019abord, rappelons-nous que nous sommes n\u00e9s dans le p\u00e9ch\u00e9 (Ps 51.7). Nous devons aussi comprendre que l\u2019ennemi se d\u00e9guise : il use d\u2019un charme exquis et s\u2019accoutre d\u2019un dehors clinquant pour donner l\u2019impression que les activit\u00e9s, coutumes, boissons, aliments et pratiques p\u00e9cheresses sont attrayants et amusants<sup>16<\/sup>. Cependant, ces choses finissent par nous nuire, nous conduisent \u00e0 une destruction certaine, et nous s\u00e9parent du plan de Dieu pour notre vie.<\/p>\n<p>Ellen White a expos\u00e9 l\u2019origine des maladies comme \u00e9tant le r\u00e9sultat d\u2019un comportement p\u00e9cheur, de la d\u00e9sob\u00e9issance aux lois de la vie et de la sant\u00e9, et de troubles mentaux<sup>17<\/sup>. Parfois, un \u00e9tat mental alt\u00e9r\u00e9 rendra in\u00e9vitablement le corps malade. Le cerveau est un organe qui, comme tous les autres, doit \u00eatre nourri, soign\u00e9 et form\u00e9. Lorsqu\u2019il tombe malade, c\u2019est l\u2019ensemble de l\u2019organisme qui est touch\u00e9. Si le cerveau tombe malade et que le probl\u00e8me n\u2019est pas trait\u00e9 imm\u00e9diatement, \u00e0 terme, il rendra in\u00e9vitablement le corps malade, et vice versa. Nous sommes des \u00eatres globaux (l\u2019esprit, l\u2019\u00e2me et le corps sont intimement li\u00e9s)<sup>18<\/sup>.<\/p>\n<p>Bien que la science ait connu des progr\u00e8s technologiques fulgurants, \u00e0 ce jour, l\u2019origine de plusieurs maladies lui \u00e9chappe encore. C\u2019est le cas des maladies auto-immunes (lesquelles surviennent lorsque le syst\u00e8me immunitaire d\u2019un individu endommage son organisme), et m\u00eame de la d\u00e9pression. Malgr\u00e9 les d\u00e9couvertes d\u2019une combinaison de facteurs biologiques, psychologiques et sociaux qui pr\u00e9disposent \u00e0 la d\u00e9pression, leur d\u00e9clenchement sp\u00e9cifique et la raison de leurs d\u00e9s\u00e9quilibres restent inconnus<sup>19<\/sup>. En outre, les facteurs possibles varient d\u2019une personne \u00e0 l\u2019autre.<\/p>\n<p>\u00c0 la lumi\u00e8re de ces informations, comment se fait-il que, malgr\u00e9 toutes les avanc\u00e9es scientifiques et les si\u00e8cles de recherches men\u00e9s par diff\u00e9rents savants, la science n\u2019ait pas encore r\u00e9ussi \u00e0 d\u00e9couvrir l\u2019origine exacte de nombreuses maladies humaines ? Quels sont les facteurs qui rendent ce type de recherche difficile ? Du point de vue humain, il existe une infinit\u00e9 d\u2019explications \u00e0 ces questions, certaines \u00e9tant \u00e9tay\u00e9es scientifiquement, d\u2019autres n\u2019\u00e9tant que sp\u00e9culation. On pourrait en d\u00e9duire que l\u2019\u00ab origine \u00bb de nombre de ces maladies se situe quelque part dans le corps humain, mais il est impossible de mesurer, d\u2019\u00e9valuer ou d\u2019examiner cette th\u00e9orie avec nos outils de diagnostic actuels<sup>20<\/sup>.<\/p>\n<p>Plus d\u2019un si\u00e8cle apr\u00e8s qu\u2019Ellen White ait d\u00e9clar\u00e9 que les maladies r\u00e9sultent souvent de conflits \u00e9motionnels non r\u00e9solus, de stress ou de traumatismes, les recherches actuelles ont commenc\u00e9 \u00e0 soutenir ses affirmations<sup>21<\/sup>. En outre, les \u00e9tudes soutiennent que si ces probl\u00e8mes ne sont pas r\u00e9solus \u00e0 temps, ou si les traitements appropri\u00e9s ne sont pas mis en \u0153uvre, ces facteurs d\u00e9clencheront des maladies physiques aigu\u00ebs et chroniques. Ces nouveaux points de vue, certains en accord avec la m\u00e9decine traditionnelle, d\u2019autres compl\u00e8tement oppos\u00e9s, ont n\u00e9cessit\u00e9 plus de 100 ans pour d\u00e9montrer et affirmer ce que Dieu avait d\u00e9j\u00e0 r\u00e9v\u00e9l\u00e9 sur l\u2019origine des maladies.<\/p>\n<p>Les adventistes sont porteurs d\u2019innombrables v\u00e9rit\u00e9s. Tout disciple du Christ devrait en \u00eatre conscient et y ob\u00e9ir. Les conseils donn\u00e9s il y a longtemps par la Bible et les \u00e9crits d\u2019Ellen White, et plus r\u00e9cemment par la recherche scientifique moderne, devraient \u00eatre partag\u00e9s, car ils ont \u00e9t\u00e9 donn\u00e9s non seulement pour nos propres soins, mais aussi pour ceux de nos semblables<sup>22<\/sup>.<\/p>\n<h2>QUELQUES DONN\u00c9ES ACTUELLES\u2026<\/h2>\n<p>En d\u00e9cembre 2019, le virus SRAS-CoV-2 \u2013 une infection appel\u00e9e la COVID-19 \u2013 a commenc\u00e9 \u00e0 se propager de mani\u00e8re spectaculaire dans le monde entier. On estime que ce virus agressif, qui a d\u00e9vast\u00e9 de nombreuses vies, a entra\u00een\u00e9 plus de sept millions de d\u00e9c\u00e8s23. Selon les recherches men\u00e9es par les Centres am\u00e9ricains de contr\u00f4le et de pr\u00e9vention des maladies (CDC), voici certains facteurs pr\u00e9disposant \u00e0 la COVID-19 : cancer, maladies r\u00e9nales ou h\u00e9patiques, diab\u00e8te, d\u00e9pression, infection par le VIH, mode de vie s\u00e9dentaire, ob\u00e9sit\u00e9, tabagisme, toxicomanie<sup>24<\/sup>. Nombre de ces facteurs sont associ\u00e9s \u00e0 un mode de vie non conforme au plan du Seigneur quant aux soins \u00e0 apporter \u00e0 notre corps.<\/p>\n<p>Notre cr\u00e9ateur nous a cr\u00e9\u00e9s \u00e0 son image et \u00e0 sa ressemblance. Malheureusement, le p\u00e9ch\u00e9 est survenu, d\u00e9formant d\u00e9finitivement cette image. Dans un monde inond\u00e9 par le p\u00e9ch\u00e9, il est presque impossible de ne pas tomber malade. Mais quand c\u2019est le cas, souvenons-nous alors des paroles d\u2019Ellen White : neuf maladies sur dix ont leur origine dans l\u2019esprit. Si nous identifions les \u00e9motions qui nous angoissent et qui \u00e9puisent notre \u00e9nergie mentale, nous pourrons \u00e9radiquer la racine de nombreux probl\u00e8mes. L\u2019une des strat\u00e9gies les plus efficaces consiste \u00e0 prendre le temps de percevoir comment notre corps est affect\u00e9 par les situations stressantes. Nous pouvons identifier les parties du corps (abdomen, ventre, zone lombaire, col de l\u2019ut\u00e9rus, ou t\u00eate, par exemple) qui changent ou entra\u00eenent des douleurs en raison du stress, des \u00e9motions n\u00e9gatives, etc. Cette connaissance nous aidera \u00e0 g\u00e9rer les conflits, le stress, les traumatismes corporels, et \u00e0 en r\u00e9duire les effets nuisibles.<\/p>\n<p>Comme le dit le c\u00e9l\u00e8bre conseil, \u00ab Mieux vaut pr\u00e9venir que gu\u00e9rir \u00bb ! Quelle que soit la situation, le Seigneur nous a donn\u00e9 les outils, exemples et bases n\u00e9cessaires pour traiter nos maladies et celles des autres. La difficult\u00e9 consiste \u00e0 d\u00e9couvrir la cause sp\u00e9cifique et le traitement appropri\u00e9 d\u2019une condition avant qu\u2019elle ne se transforme en maladie chronique.<\/p>\n<p>Pour faire face \u00e0 ce type de maladie, la premi\u00e8re mesure \u00e0 prendre, c\u2019est la pri\u00e8re. Demandons \u00e0 Dieu son aide pour g\u00e9rer la situation qui nous afflige. Ensuite, demandons l\u2019aide d\u2019un professionnel qualifi\u00e9 et \u00e9valuons comment notre vie se compare au mod\u00e8le \u00e9tabli par notre cr\u00e9ateur. En outre, comme nous le ferions avec d\u2019autres personnes, traitons notre corps avec amour, compassion et soin en le nourrissant, en l\u2019entra\u00eenant, et informons-nous sur la fa\u00e7on d\u2019obtenir une sant\u00e9 physique et mentale optimale.<\/p>\n<p>Si nous connaissons quelqu\u2019un qui est malade ou qui lutte pour obtenir un \u00e9tat mental \u00e9quilibr\u00e9, donnons-lui avec bont\u00e9 des informations sur la mani\u00e8re de r\u00e9soudre l\u2019anxi\u00e9t\u00e9, et s\u2019il se sent submerg\u00e9, recommandons-lui de consulter un professionnel de la sant\u00e9.<\/p>\n<h2>LES BIENFAITS PHYSIQUES ET \u00c9MOTIONNELS DE LA G\u00c9N\u00c9ROSIT\u00c9<\/h2>\n<p>La g\u00e9n\u00e9rosit\u00e9 est une qualit\u00e9 merveilleuse qui profite non seulement \u00e0 ceux qui la re\u00e7oivent, mais aussi \u00e0 ceux qui l\u2019exercent. Lorsque nous sommes g\u00e9n\u00e9reux de notre temps, de notre affection et de notre attention, nous am\u00e9liorons non seulement la vie des autres, mais renfor\u00e7ons aussi notre propre sant\u00e9 physique, \u00e9motionnelle et psychologique.<\/p>\n<p>Un exemple biblique manifeste de g\u00e9n\u00e9rosit\u00e9 compatissante est l\u2019intervention divine aupr\u00e8s d\u2019\u00c9lie alors que celui-ci \u00e9tait en proie \u00e0 la d\u00e9pression (1 R 19.3-18). Au lieu de lui dire de prier davantage, d\u2019avoir la foi ou de \u00ab ne pas l\u00e2cher \u00bb, Dieu a envoy\u00e9 un ange pour le r\u00e9conforter. Souvent, ce type de g\u00e9n\u00e9rosit\u00e9 est la forme d\u2019aide la plus efficace pour les personnes malades \u2013 qu\u2019il s\u2019agisse d\u2019effectuer une t\u00e2che m\u00e9nag\u00e8re ou de faire des courses pour elles, de prier silencieusement pour elles, de leur tenir compagnie, ou simplement d\u2019\u00eatre \u00e0 leur \u00e9coute sans essayer d\u2019intervenir. La maladie, y compris la d\u00e9pression, implique souvent un processus interne que les personnes doivent vivre \u00e0 leur propre rythme \u2013 sauf si la gravit\u00e9 du cas justifie une intervention, ou si l\u2019inaction risque d\u2019aggraver les dommages.<\/p>\n<h2>CONCLUSION<\/h2>\n<p>Toutes choses concourent au bien de ceux qui aiment Dieu (Rm 8.28) ! Il peut \u00eatre difficile de comprendre sur le moment qu\u2019un malaise ou une maladie puisse apporter quelque chose de bon. Cependant, si nous corrigeons les habitudes et les probl\u00e8mes initiaux qui d\u00e9clenchent une maladie, nous pourrons am\u00e9liorer notre qualit\u00e9 de vie et fortifier notre caract\u00e8re, en vue de la vie merveilleuse que Dieu veut que nous puissions conna\u00eetre.<\/p>\n<p class=\"about\">Adri\u00e1n Diel Titulaire d\u2019un master en gestion des syst\u00e8mes de sant\u00e9 \u00e0 l\u2019universit\u00e9 de Buenos Aires, en Argentine, est directeur du centre de r\u00e9adaptation Elite Care, dans la province d\u2019Entre R\u00edos, en Argentine. Il est aussi titulaire d\u2019un dipl\u00f4me d\u2019\u00e9tudes sup\u00e9rieures en kin\u00e9siologie, sp\u00e9cialiste des soins intensifs et de la neuror\u00e9adaptation, et professeur \u00e0 l\u2019Institut d\u2019enseignement sup\u00e9rieur de Buenos Aires, \u00e0 l\u2019universit\u00e9 de Barcelone, et \u00e0 l\u2019universit\u00e9 de Montemorelos. Son courriel :\u00a0licdiel@gmail.com.<\/p>\n<h2>Citation recommand\u00e9e<\/h2>\n<p>DIEL Adri\u00e1n, \u00ab Pourquoi tombonsnous malades ? \u00bb,\u00a0<i>Dialogue<\/i>\u00a036 (2024\/3), p. 5-9<\/p>\n<h2>NOTES ET R\u00c9F\u00c9RENCES<\/h2>\n<section class=\"references\">\n<ol>\n<li>Ellen G. White,\u00a0<i>T\u00e9moignages pour l\u2019\u00c9glise<\/i>, vol. 3, p. 357.<\/li>\n<li>Sauf mention contraire, toutes les citations des E\u0301critures sont tir\u00e9es de la version Louis Segond 1910.<\/li>\n<li>Mauricio Blanco-Molina, Mar\u00eda Dolores Castro-Rojas, et Ra\u00fal OrtegaMoreno, \u00ab Envejecimiento saludable: un primer acercamiento a la revisi\u00f3n de indicadores subjetivos de salud en zonas urbanas y rurales \u00bb [\u00ab Vieillir en bonne sant\u00e9 : un premier examen des indicateurs subjectifs de sant\u00e9 dans les zones urbaines et rurales du Costa Rica \u00bb],\u00a0<i>Revista de psicolog\u00eda y ciencias afines<\/i>\u00a040:2, 2023, p. 281-298, https:\/\/www.redalyc.org\/journal\/180\/18074619018\/html\/.<\/li>\n<li>C\u00e9sar Alfredo Mart\u00ednez Plaza, \u00ab Estr\u00e9s laboral, factor de riesgo de accidente cerebrovascular \u00bb,\u00a0<i>Gesti\u00f3n pr\u00e1ctica de riesgos laborales<\/i>, 50, 20 08, p. 14-22, https:\/\/dialnet.unirioja.es\/servlet\/articulo?codigo=2908005.<\/li>\n<li>Manolete S. Moscoso, \u00ab De la mente a la c\u00e9lula: impacto del estr\u00e9s en psiconeuroinmunoendocrinolog\u00eda \u00bb [\u00ab De l&rsquo;esprit \u00e0 la cellule : l&rsquo;impact du stress sur la psychoneuroimmunoendocrinologie \u00bb],\u00a0<i>Liberabit Revista Peruana de Psicolog\u00eda<\/i>\u00a015:2, 2009, p. 143-152: http:\/\/www.scielo.org.pe\/scielo.php?script=sci_arttext&amp;pid=S1729-48272009000200008.<\/li>\n<li>Bruce S. McEwen, \u00ab Protective and Damaging Effects of Stress Mediators: Central Role of the Brain \u00bb,\u00a0<i>Dialogues in Clinical Neuroscience<\/i>\u00a08:4, d\u00e9cembre 2006, p. 367-381, https:\/\/www.ncbi.nlm.nih.gov\/pmc\/articles\/PMC3181832\/.<\/li>\n<li>Ellen G. White,\u00a0<i>Pour un bon \u00e9quilibre mental et spirituel<\/i>, vol. 1, p. 59.<\/li>\n<li><i>Ibid.<\/i><\/li>\n<li>A. J. Garbayo et al., \u00ab Enfermedad \u00f3sea metast\u00e1sica. Diagn\u00f3stico y tratamiento \u00bb [Maladie osseuse m\u00e9tastatique : diagnostic et traitement \u00bb],\u00a0<i>Anales del sistema sanitario de Navarra<\/i>\u00a027 Supl. 3, 2004, p. 137153, http:\/\/scielo.isciii.es\/scielo.php?script=sci_arttext&amp;pid=S113766272004000600014&amp;lng=es&amp;nrm=iso.<\/li>\n<li>Juan W. Zinser, \u00ab Tabaquismo y c\u00e1ncer de pulm\u00f3n \u00bb [\u00ab Tabagisme et cancer du poumon \u00bb],\u00a0<i>Salud p\u00fablica M\u00e9x<\/i>\u00a0[Public Health Mex [Internet], 61:3, mai-juin 2019, p. 303-307, https:\/\/doi.org\/10.21149\/10088.<\/li>\n<li>Ana Moreno Couti\u00f1o et Mar\u00eda Elena Medina-Mora Icaza, \u00ab Tabaquismo y Depresi\u00f3n \u00bb [Tabagisme et d\u00e9pression],\u00a0<i>Salud mental<\/i>, 31:5, septembreoctobre 2008, p. 409-415, https:\/\/www.scielo.org.mx\/scielo. php?script=sci_arttext&amp;pid=S0185-33252008000500009 ; Association pulmonaire am\u00e9ricaine, \u00ab Behavioral Health and Tobacco Use Rates \u00bb, mise \u00e0 jour le 31 mai 2023, https:\/\/www.lung.org\/quit-smoking\/smoking-facts\/impact-of-tobacco-use\/behavioral-health-tobacco-use.<\/li>\n<li>Organisation mondiale de la sant\u00e9, \u00ab Trouble d\u00e9pressif (d\u00e9pression) \u00bb, 31mars 2023, https:\/\/www.who.int\/news-room\/fact-sheets\/detail\/depression (cliquer sur franc\u0327ais).<\/li>\n<li>Elisardo Beco\u00f1a et Mar\u00eda Carmen M\u00edguez, \u00ab Consumo de tabaco y psicopatolog\u00eda asociada \u00bb [\u00ab Tabagisme et psychopathologie associ\u00e9e \u00bb],\u00a0<i>Psicooncolog\u00eda<\/i>\u00a01:1, 2004, p. 99-112, https:\/\/core.ac.uk\/reader\/38820200.<\/li>\n<li>Soci\u00e9t\u00e9 am\u00e9ricaine du cancer, \u00ab Health Risks of Smoking Tobacco \u00bb (n.d.), https:\/\/www.cancer.org\/cancer\/risk-prevention\/tobacco\/healthrisks-of-tobacco\/health-risks-of-smoking-tobacco.html.<\/li>\n<li>Ellen G. White,\u00a0<i>Pour un bon \u00e9quilibre mental et spirituel<\/i>, vol. 2, p. 587, 588.<\/li>\n<li>Ellen G. White,\u00a0<i>Christ Triumphant<\/i>, Hagerstown, Md.: Review and Herald, 1999, p. 21.<\/li>\n<li><i>Idem.<\/i>,\u00a0<i>Testimonies for the Church<\/i>, vol. 5, p. 444 ; et Pour un bon \u00e9quilibre mental et spirituel, vol. 1, p. 59.<\/li>\n<li><i>Idem.<\/i>,\u00a0<i>Conseils \u00e0 l\u2019\u00c9glise<\/i>, p. 80.<\/li>\n<li>Jordi Fern\u00e1ndez Castro et Silvia Edo Izquierdo, \u00ab \u00bfC\u00f3mo influye el control percibido en el impacto que tienen las emociones sobre la salud? \u00bb [\u00ab Comment le contr\u00f4le perc\u0327u influence-t-il l&rsquo;impact des \u00e9motions sur la sant\u00e9 ? \u00bb],\u00a0<i>Anales de psicolog\u00eda [Annales de psychologie],<\/i>\u00a010:2, 1994, p. 127-133, https:\/\/revistas.um.es\/analesps\/article\/view\/29551.<\/li>\n<li>Josefina Goberna Tricas, \u00ab La Enfermedad a lo largo de la historia: Un punto de mira entre la biolog\u00eda y la simbolog\u00eda \u00bb,\u00a0<i>Index de Enfermer\u00eda<\/i>\u00a013:47, 2004, p. 49-53, http:\/\/scielo.isciii.es\/scielo.php?script=sci_ arttext&amp;pid=S1132-12962004000300011&amp;lng=es&amp;nrm=iso, (Pas de version franc\u0327aise disponible).<\/li>\n<li>Merlin D. Burt, \u00ab Ellen G. White and Mental Health \u00bb, 2011, Universit\u00e9 Andrews, http:\/\/hdl.handle.net\/20.500.12424\/215067.<\/li>\n<li>Denis Fortin,\u00a0<i>Understanding Ellen White<\/i>, chap. 8, https:\/\/m.egwwritings. org\/en\/book\/13959.631.<\/li>\n<li>Organisation mondiale de la sant\u00e9, \u00ab Number of COVID-19 Deaths Reported to WHO (Cumulative Total) \u00bb,7 051 876, dernie\u0300re mise \u00e0 jour le 16 juin 2024, https:\/\/data.who.int\/dashboards\/covid19\/deaths?n=o.<\/li>\n<li>Centres am\u00e9ricains de contr\u00f4le et de pr\u00e9vention des maladies, \u00ab Underlying Medical Conditions Associated With Higher Risk for Severe COVID-19: Information for Healthcare Professionals \u00bb, mise \u00e0 jour le 12 avril 2024, https:\/\/www.cdc.gov\/coronavirus\/2019-ncov\/hcp\/clinicalcare\/underlyingconditions.html.<\/li>\n<\/ol>\n<p><span class=\"text-muted\"><b><a href=\"https:\/\/education.adventist.org\/amicus\" target=\"_blank\" rel=\"noopener\">\u00a9 Comit\u00e9 pour les \u00e9tudiants et dipl\u00f4m\u00e9s universitaires adventistes (CEDUA)<\/a>, 2014 &#8211; 2025 \u00a0\u00a0|\u00a0\u00a0\u00a0<\/b><\/span><b><a href=\"https:\/\/dialogue.adventist.org\/fr\/confidentialite\">Confidentialit\u00e9<\/a><\/b><\/p>\n<\/section>\n","protected":false},"excerpt":{"rendered":"<p>Depuis plusieurs ann\u00e9es, ma femme affirme que J\u00e9sus \u00e9tait m\u00e9decin (sa profession \u00e0 elle), et moi, je lui r\u00e9ponds qu\u2019il \u00e9tait kin\u00e9sith\u00e9rapeute, en raison du type de gu\u00e9rison qu\u2019il faisait ! La Bible mentionne un grand nombre de miracles li\u00e9s au r\u00e9tablissement de la d\u00e9marche et de la posture. En voici quelques-uns : la femme [&hellip;]<\/p>\n","protected":false},"author":57,"featured_media":5443,"comment_status":"open","ping_status":"closed","sticky":false,"template":"","format":"standard","meta":[],"categories":[220,218,219,223,213,217,222],"tags":[1739,1740],"aioseo_notices":[],"post_mailing_queue_ids":[],"_links":{"self":[{"href":"https:\/\/www.adventdesk.com\/home\/wp-json\/wp\/v2\/posts\/5441"}],"collection":[{"href":"https:\/\/www.adventdesk.com\/home\/wp-json\/wp\/v2\/posts"}],"about":[{"href":"https:\/\/www.adventdesk.com\/home\/wp-json\/wp\/v2\/types\/post"}],"author":[{"embeddable":true,"href":"https:\/\/www.adventdesk.com\/home\/wp-json\/wp\/v2\/users\/57"}],"replies":[{"embeddable":true,"href":"https:\/\/www.adventdesk.com\/home\/wp-json\/wp\/v2\/comments?post=5441"}],"version-history":[{"count":1,"href":"https:\/\/www.adventdesk.com\/home\/wp-json\/wp\/v2\/posts\/5441\/revisions"}],"predecessor-version":[{"id":5442,"href":"https:\/\/www.adventdesk.com\/home\/wp-json\/wp\/v2\/posts\/5441\/revisions\/5442"}],"wp:featuredmedia":[{"embeddable":true,"href":"https:\/\/www.adventdesk.com\/home\/wp-json\/wp\/v2\/media\/5443"}],"wp:attachment":[{"href":"https:\/\/www.adventdesk.com\/home\/wp-json\/wp\/v2\/media?parent=5441"}],"wp:term":[{"taxonomy":"category","embeddable":true,"href":"https:\/\/www.adventdesk.com\/home\/wp-json\/wp\/v2\/categories?post=5441"},{"taxonomy":"post_tag","embeddable":true,"href":"https:\/\/www.adventdesk.com\/home\/wp-json\/wp\/v2\/tags?post=5441"}],"curies":[{"name":"wp","href":"https:\/\/api.w.org\/{rel}","templated":true}]}}