{"id":3747,"date":"2022-10-15T23:47:15","date_gmt":"2022-10-15T23:47:15","guid":{"rendered":"https:\/\/www.adventdesk.com\/home\/?p=3747"},"modified":"2022-10-19T06:30:41","modified_gmt":"2022-10-19T06:30:41","slug":"18-questions-concernant-le-retour-du-christ","status":"publish","type":"post","link":"https:\/\/www.adventdesk.com\/home\/18-questions-concernant-le-retour-du-christ\/","title":{"rendered":"18 questions concernant le retour du Christ"},"content":{"rendered":"<p><strong>Avec quelle promesse le Christ a-t-il r\u00e9confort\u00e9 ses disciples, troubl\u00e9s par l\u2019attendue trahison et par son \u00ab\u00a0d\u00e9part\u00a0\u00bb ?<\/strong><\/p>\n<p>\u00ab\u00a0Que votre c\u0153ur ne se trouble pas\u00a0! Croyez en Dieu, croyez aussi en moi. Il y a beaucoup de demeures dans la maison de mon P\u00e8re. Si ce n\u2019\u00e9tait pas le cas, je vous l\u2019aurais dit. Je vais vous pr\u00e9parer une place. Et puisque je vais vous pr\u00e9parer une place, je reviendrai et je vous prendrai avec moi afin que, l\u00e0 o\u00f9 je suis, vous y soyez aussi. Vous savez o\u00f9 je vais et vous en savez le chemin\u00a0\u00bb (Jean 14.1-4).<\/p>\n<p><!--more--><\/p>\n<p><strong>O\u00f9 le Christ est-il all\u00e9 afin de pr\u00e9parer une place pour ses disciples ?<\/strong><\/p>\n<p>\u00ab\u00a0Hommes de Galil\u00e9e, pourquoi restez-vous \u00e0 regarder le ciel\u00a0? Ce J\u00e9sus qui a \u00e9t\u00e9 enlev\u00e9 au ciel du milieu de vous reviendra de la m\u00eame mani\u00e8re que vous l\u2019avez vu aller au ciel\u00a0\u00bb (Actes 1.11).<\/p>\n<p><strong>Comment s\u2019est d\u00e9roul\u00e9e son ascension au ciel ?<\/strong><\/p>\n<p>\u00ab\u00a0Apr\u00e8s avoir dit cela, il s\u2019\u00e9leva dans les airs pendant qu\u2019ils le regardaient et une nu\u00e9e le cacha \u00e0 leurs yeux\u00a0\u00bb (Actes 1.9).<\/p>\n<p><strong>De quelle mani\u00e8re le Christ reviendra-t-il sur cette terre ?<\/strong><\/p>\n<p>\u00ab\u00a0Alors on verra le Fils de l\u2019homme venir sur une nu\u00e9e avec beaucoup de puissance et de gloire\u00a0\u00bb (Luc 21.27).<\/p>\n<p><u>Note<\/u>\u00a0: Le Christ est mont\u00e9 dans une nu\u00e9e ; il reviendra dans une nu\u00e9e (ou des nu\u00e9es).<\/p>\n<p><strong>Dans quelle triple \u00ab\u00a0grande gloire\u00a0\u00bb le Christ reviendra-t-il ?<\/strong><\/p>\n<p>\u00ab\u00a0En effet, celui qui aura honte de moi et de mes paroles, le Fils de l\u2019homme aura honte de lui, quand il viendra dans sa gloire et dans celle du P\u00e8re et des saints anges\u00a0\u00bb (Luc 9.26).<\/p>\n<p><strong>Quelle est la nature de la gloire du P\u00e8re ?<\/strong><\/p>\n<p>\u00ab\u00a0La gloire de l\u2019\u00c9ternel avait l\u2019apparence d\u2019un feu d\u00e9vorant au sommet de la montagne, aux yeux des Isra\u00e9lites\u00a0\u00bb (Exode 24.17).<\/p>\n<p><strong>Quelle est la nature de la gloire du Fils ?<\/strong><\/p>\n<p>\u00ab\u00a0Comme il \u00e9tait en chemin et qu\u2019il approchait de Damas, tout \u00e0 coup, une lumi\u00e8re qui venait du ciel resplendit autour de lui. Il tomba par terre et entendit une voix lui dire\u00a0: Saul, Saul, pourquoi me pers\u00e9cutes-tu\u00a0?\u00a0\u00bb (Actes 9.3-4).<\/p>\n<p><u>Note<\/u>\u00a0: la gloire du Christ \u00e9tait si \u00e9blouissante que Paul (Saul) est tomb\u00e9 \u00e0 terre. Notez le m\u00eame effet de la gloire de Dieu sur \u00c9z\u00e9chiel, qui tomba \u00e9galement sur sa face \u00e0 cette vue (voir \u00c9z\u00e9chiel 1.28).<\/p>\n<p><strong>Quelle est la grandeur de la gloire d\u2019un ange ?<\/strong><\/p>\n<p>\u00ab\u00a0Il avait l\u2019aspect de l\u2019\u00e9clair et son v\u00eatement \u00e9tait blanc comme la neige. Les gardes trembl\u00e8rent de peur et devinrent comme morts\u00a0\u00bb (Matthieu 28.3-4).<\/p>\n<p><strong>Est-il possible d\u2019indiquer le nombre exact d\u2019anges qui accompagneront le Christ lors de son retour ?<\/strong><\/p>\n<p>\u00ab\u00a0Je regardai et j\u2019entendis la voix de nombreux anges rassembl\u00e9s autour du tr\u00f4ne, des \u00eatres vivants et des anciens\u00a0; ils \u00e9taient des myriades et des milliers de milliers\u00a0\u00bb (Apocalypse 5.11).<\/p>\n<p><u>Note<\/u>\u00a0: Notre imagination est \u00e9blouie lorsque nous pensons \u00e0 la gloire du P\u00e8re, du Fils et des innombrables anges lors du retour du Roi de gloire.<\/p>\n<p><strong>Son retour sera-t-il un \u00e9v\u00e9nement visible ou invisible ?<\/strong><\/p>\n<p>\u00ab\u00a0Si quelqu\u2019un vous dit alors\u00a0: Le Messie est ici, ou\u00a0: Il est l\u00e0, ne le croyez pas, [\u2026]. Si donc on vous dit\u00a0: Le voici, il est dans le d\u00e9sert, n\u2019y allez pas, ou\u00a0: Le voil\u00e0, il est dans un lieu secret, ne le croyez pas. En effet, tout comme l\u2019\u00e9clair part de l\u2019est et appara\u00eet jusqu\u2019\u00e0 l\u2019ouest, ainsi sera le retour du Fils de l\u2019homme\u00a0\u00bb (Matthieu 24.23,26-27).<\/p>\n<p><strong>Combien de personnes verront le Christ lors de son retour ?<\/strong><\/p>\n<p>\u00ab\u00a0Le voici qui vient avec les nu\u00e9es. Tout \u0153il le verra\u00a0\u00bb (Apocalypse 1.7).<\/p>\n<p><strong>Ce retour exclut-il le retour de J\u00e9sus pour chaque individu ?<\/strong><\/p>\n<p>\u00ab\u00a0Voici, je me tiens \u00e0 la porte et je frappe. Si quelqu\u2019un entend ma voix et ouvre la porte, j\u2019entrerai chez lui, je souperai avec lui et lui avec moi\u00a0\u00bb (Apocalypse 3.20).<\/p>\n<p><strong>Lorsque le Christ entre pour \u00ab\u00a0souper\u00a0\u00bb avec nous, quel changement se produit dans le c\u0153ur ?<\/strong><\/p>\n<p>\u00ab\u00a0Le royaume de Dieu ne vient pas en se faisant remarquer. On ne dira pas\u00a0: Il est ici, ou\u00a0: Il est l\u00e0. En effet, le royaume de Dieu est au milieu de vous\u00a0\u00bb (Luc 17.20-21).<\/p>\n<p><strong>Quelle est la diff\u00e9rence entre ce retour individuel et invisible et le retour public et visible ?<\/strong><\/p>\n<p>R\u00e9ponse : La venue dans le c\u0153ur des \u00eatres humains n\u2019est pas une entr\u00e9e forc\u00e9e. Il s\u2019agit plut\u00f4t d\u2019une entr\u00e9e qui d\u00e9pend du choix de celui au c\u0153ur duquel le Christ frappe.<\/p>\n<p>(\u00ab\u00a0Si quelqu\u2019un entend ma voix et ouvre la porte, j\u2019entrerai chez lui\u00a0\u00bb).<\/p>\n<p><strong>Quelles sont les deux cat\u00e9gories de personnes qui seront sur la terre lors du retour du Christ ?<\/strong><\/p>\n<p>\u00ab\u00a0En ce qui concerne les temps et les moments, vous n\u2019avez pas besoin, fr\u00e8res et s\u0153urs, qu\u2019on vous \u00e9crive \u00e0 ce sujet. En effet, vous savez bien vous-m\u00eames que le jour du Seigneur viendra comme un voleur dans la nuit. Quand les hommes diront\u00a0: Paix et s\u00e9curit\u00e9\u00a0! alors une ruine soudaine fondra sur eux, comme les douleurs sur la femme enceinte\u00a0; ils n\u2019y \u00e9chapperont pas\u00a0\u00bb (1 Thessaloniciens 5.1-5).<\/p>\n<p><strong>Quelle question les sceptiques se poseront-ils au sujet du retour du Christ ?<\/strong><\/p>\n<p>\u00ab\u00a0Sachez avant tout que dans les derniers jours viendront des moqueurs [pleins de raillerie]. Ces hommes vivront en suivant leurs propres d\u00e9sirs et diront\u00a0: O\u00f9 est la promesse de son retour\u00a0? En effet, depuis que nos anc\u00eatres sont morts, tout reste dans le m\u00eame \u00e9tat qu\u2019au d\u00e9but de la cr\u00e9ation\u00a0\u00bb (2 Pierre 3.3-4).<\/p>\n<p><strong>Quelle sera l\u2019attitude de certains disciples du Christ ?<\/strong><\/p>\n<p>\u00ab\u00a0Mais si c\u2019est un mauvais serviteur, qui se dit en lui-m\u00eame\u00a0: Mon maitre tarde \u00e0 venir, s\u2019il se met \u00e0 battre ses compagnons, s\u2019il mange et boit avec les ivrognes, le maitre de ce serviteur viendra le jour o\u00f9 il ne s\u2019y attend pas et \u00e0 l\u2019heure qu\u2019il ne conna\u00eet pas\u00a0\u00bb (Matthieu 24.48-50).<\/p>\n<p><strong>Quelle sera l\u2019attitude des enfants de la lumi\u00e8re ?<\/strong><\/p>\n<p>\u00ab\u00a0En attendant notre bienheureuse esp\u00e9rance, la manifestation de la gloire de notre grand Dieu et Sauveur J\u00e9sus-Christ\u00a0\u00bb (Tite 2.13).<\/p>\n<p>&nbsp;<\/p>\n<p>De\u00a0<strong>Eva B. Dykes<\/strong>, docteur en philosophie, a \u00e9t\u00e9 la premi\u00e8re femme noire \u00e0 remplir les conditions d\u2019obtention d\u2019un doctorat aux \u00c9tats-Unis. Elle a accompli cet exploit \u00e0 Radcliffe, \u00e0 Harvard. Elle a ensuite enseign\u00e9 l\u2019anglais \u00e0 l\u2019universit\u00e9 d\u2019Howard et au Oakwood College. \u00c0 Oakwood, elle a fond\u00e9 le ch\u0153ur Aeolian, qui est aujourd\u2019hui mondialement connu. Eva Dykes \u00e9tait \u00e9galement une chroniqueuse r\u00e9guli\u00e8re pour la revue Message, o\u00f9 elle \u00e9crivait des \u00e9tudes bibliques, ainsi que l\u2019autrice du calendrier quotidien avec des messages spirituelles. Cet article est paru dans le num\u00e9ro de mai\/juin 1968 de la revue Message.<\/p>\n<p>Source :\u00a0<a href=\"https:\/\/www.messagemagazine.com\/articles\/18-questions-regarding-the-second-coming-of-christ\/\">https:\/\/www.messagemagazine.com\/articles\/18-questions-regarding-the-second-coming-of-christ\/<\/a><\/p>\n<p>Traduction : Tiziana Cal\u00e0<\/p>\n","protected":false},"excerpt":{"rendered":"<p>Avec quelle promesse le Christ a-t-il r\u00e9confort\u00e9 ses disciples, troubl\u00e9s par l\u2019attendue trahison et par son \u00ab\u00a0d\u00e9part\u00a0\u00bb ? \u00ab\u00a0Que votre c\u0153ur ne se trouble pas\u00a0! Croyez en Dieu, croyez aussi en moi. Il y a beaucoup de demeures dans la maison de mon P\u00e8re. Si ce n\u2019\u00e9tait pas le cas, je vous l\u2019aurais dit. Je [&hellip;]<\/p>\n","protected":false},"author":57,"featured_media":3749,"comment_status":"open","ping_status":"closed","sticky":false,"template":"","format":"standard","meta":[],"categories":[220,218],"tags":[668,948,788],"aioseo_notices":[],"post_mailing_queue_ids":[],"_links":{"self":[{"href":"https:\/\/www.adventdesk.com\/home\/wp-json\/wp\/v2\/posts\/3747"}],"collection":[{"href":"https:\/\/www.adventdesk.com\/home\/wp-json\/wp\/v2\/posts"}],"about":[{"href":"https:\/\/www.adventdesk.com\/home\/wp-json\/wp\/v2\/types\/post"}],"author":[{"embeddable":true,"href":"https:\/\/www.adventdesk.com\/home\/wp-json\/wp\/v2\/users\/57"}],"replies":[{"embeddable":true,"href":"https:\/\/www.adventdesk.com\/home\/wp-json\/wp\/v2\/comments?post=3747"}],"version-history":[{"count":1,"href":"https:\/\/www.adventdesk.com\/home\/wp-json\/wp\/v2\/posts\/3747\/revisions"}],"predecessor-version":[{"id":3748,"href":"https:\/\/www.adventdesk.com\/home\/wp-json\/wp\/v2\/posts\/3747\/revisions\/3748"}],"wp:featuredmedia":[{"embeddable":true,"href":"https:\/\/www.adventdesk.com\/home\/wp-json\/wp\/v2\/media\/3749"}],"wp:attachment":[{"href":"https:\/\/www.adventdesk.com\/home\/wp-json\/wp\/v2\/media?parent=3747"}],"wp:term":[{"taxonomy":"category","embeddable":true,"href":"https:\/\/www.adventdesk.com\/home\/wp-json\/wp\/v2\/categories?post=3747"},{"taxonomy":"post_tag","embeddable":true,"href":"https:\/\/www.adventdesk.com\/home\/wp-json\/wp\/v2\/tags?post=3747"}],"curies":[{"name":"wp","href":"https:\/\/api.w.org\/{rel}","templated":true}]}}