{"id":2017,"date":"2020-03-04T23:35:30","date_gmt":"2020-03-04T23:35:30","guid":{"rendered":"https:\/\/www.adventdesk.com\/home\/?p=2017"},"modified":"2020-03-07T21:46:58","modified_gmt":"2020-03-07T21:46:58","slug":"le-temoignage-de-jesus","status":"publish","type":"post","link":"https:\/\/www.adventdesk.com\/home\/le-temoignage-de-jesus\/","title":{"rendered":"Le t\u00e9moignage de J\u00e9sus"},"content":{"rendered":"<p><span class=\"\">Au fil des si\u00e8cles, des commentaires ont lutt\u00e9 avec l&rsquo;expression johannique pour le <\/span><em><span class=\"\">t\u00e9moignage de J\u00e9sus<\/span><\/em><span class=\"\">\u00a0.\u00a0<\/span>Est-ce le t\u00e9moignage g\u00e9n\u00e9ral de l&rsquo;\u00c9glise chr\u00e9tienne concernant J\u00e9sus, ou est-ce le t\u00e9moignage que J\u00e9sus lui-m\u00eame a rendu ici sur Terre et plus tard par l&rsquo;interm\u00e9diaire des proph\u00e8tes de l&rsquo;\u00c9glise chr\u00e9tienne?\u00a0L&rsquo;expression\u00a0<em>t\u00e9moignage de J\u00e9sus<\/em>\u00a0(\u00a0<em>marturien I\u0113sou<\/em>\u00a0) se produit six fois dans le livre de l&rsquo;Apocalypse (1: 2, 9; 12:17; 19:10 [deux fois]; et 20: 4).\u00a0Deux explications concernant sa signification ont \u00e9t\u00e9 avanc\u00e9es par les commentateurs.<\/p>\n<p><!--more--><\/p>\n<p>La premi\u00e8re vue prend\u00a0<em>Marturia Iiasou<\/em>\u00a0comme un g\u00e9nitif objectif et l&rsquo;interpr\u00e8te comme le t\u00e9moignage de l&rsquo;homme au Christ.\u00a0<sup>1<\/sup>\u00a0Ainsi, la guerre mentionn\u00e9e dans\u00a0<a class=\"rtBibleRef\" href=\"https:\/\/biblia.com\/bible\/esv\/Rev%2012.17\" target=\"_blank\" rel=\"noopener noreferrer\" data-reference=\"Rev 12.17\" data-version=\"esv\" data-purpose=\"bible-reference\">Apocalypse 12:17<\/a>\u00a0fait r\u00e9f\u00e9rence aux \u00abpers\u00e9cutions contre tous les individus de l&rsquo;\u00c9glise qui gardent les commandements de Dieu et rendent t\u00e9moignage \u00e0 J\u00e9sus\u00bb.\u00a0<sup>2<\/sup>\u00a0La deuxi\u00e8me vue prend\u00a0<em>marturia Iesou<\/em>\u00a0comme un g\u00e9nitif subjectif et comprend le t\u00e9moignage de J\u00e9sus comme l&rsquo;auto-r\u00e9v\u00e9lation de J\u00e9sus-son propre t\u00e9moignage.\u00a0<sup>3<\/sup><\/p>\n<p>Une \u00e9tude du mot\u00a0<em>marturia<\/em>\u00a0dans la litt\u00e9rature johannique, o\u00f9 il appara\u00eet 21 fois, indique que ce mot a \u00e9t\u00e9 utilis\u00e9 14 fois dans une construction g\u00e9nitive clairement subjective (\u00a0<a class=\"rtBibleRef\" href=\"https:\/\/biblia.com\/bible\/esv\/John%201.19\" target=\"_blank\" rel=\"noopener noreferrer\" data-reference=\"John 1.19\" data-version=\"esv\" data-purpose=\"bible-reference\">Jean 1:19<\/a>\u00a0;\u00a0<a class=\"rtBibleRef\" href=\"https:\/\/biblia.com\/bible\/esv\/John%203.11\" target=\"_blank\" rel=\"noopener noreferrer\" data-reference=\"John 3.11\" data-version=\"esv\" data-purpose=\"bible-reference\">3:11<\/a>\u00a0,\u00a0<a class=\"rtBibleRef\" href=\"https:\/\/biblia.com\/bible\/esv\/John%203.32\" target=\"_blank\" rel=\"noopener noreferrer\" data-reference=\"John 3.32\" data-version=\"esv\" data-purpose=\"bible-reference\">32<\/a>\u00a0,\u00a0<a class=\"rtBibleRef\" href=\"https:\/\/biblia.com\/bible\/esv\/John%203.33\" target=\"_blank\" rel=\"noopener noreferrer\" data-reference=\"John 3.33\" data-version=\"esv\" data-purpose=\"bible-reference\">33<\/a>\u00a0;\u00a0<a class=\"rtBibleRef\" href=\"https:\/\/biblia.com\/bible\/esv\/John%205.31\" target=\"_blank\" rel=\"noopener noreferrer\" data-reference=\"John 5.31\" data-version=\"esv\" data-purpose=\"bible-reference\">5: 31<\/a> ; etc.) L&rsquo;id\u00e9e objective de \u00abt\u00e9moigner par rapport\u00bb ou de \u00abt\u00e9moigner de\u00bb dans les \u00e9crits de Jean s&rsquo;exprime de fa\u00e7on coh\u00e9rente par la pr\u00e9position peri (environ, concernant) avec le verbe <em>martureo<\/em> (t\u00e9moigner.) Il n&rsquo;utilise jamais le nom <em>marturia<\/em>\u00a0(t\u00e9moignage, t\u00e9moin) avec une construction objective et g\u00e9nitive par elle-m\u00eame.\u00a0Par exemple,\u00a0<a class=\"rtBibleRef\" href=\"https:\/\/biblia.com\/bible\/esv\/John%201.7\" target=\"_blank\" rel=\"noopener noreferrer\" data-reference=\"John 1.7\" data-version=\"esv\" data-purpose=\"bible-reference\">Jean 1: 7<\/a>\u00a0(LSG), \u00abPour t\u00e9moigner de la lumi\u00e8re\u00bb (\u00a0<em>martureo<\/em>+\u00a0<em>p\u00e9ri<\/em>\u00a0);\u00a05:31 (LSG), \u00abSi je rends t\u00e9moignage de moi-m\u00eame\u00bb (\u00a0<em>martureo<\/em>\u00a0+\u00a0<em>peri<\/em>\u00a0);\u00a0<a class=\"rtBibleRef\" href=\"https:\/\/biblia.com\/bible\/esv\/1%20John%205.9\" target=\"_blank\" rel=\"noopener noreferrer\" data-reference=\"1 John 5.9\" data-version=\"esv\" data-purpose=\"bible-reference\">1 Jean 5: 9<\/a>\u00a0(LSG), \u00ab\u00a0Il a rendu t\u00e9moignage \u00e0 son Fils\u00a0\u00bb (martureo + peri) .4<\/p>\n<h2>L&rsquo;UTILISATION DE\u00a0<em>MARTURIA<\/em>\u00a0DANS L&rsquo;APOCALYPSE<\/h2>\n<p>\u00ab[Jean] a rendu t\u00e9moignage \u00e0 la parole de Dieu et au t\u00e9moignage de J\u00e9sus-Christ, m\u00eame \u00e0 tout ce qu&rsquo;il a vu\u00bb (\u00a0<a class=\"rtBibleRef\" href=\"https:\/\/biblia.com\/bible\/esv\/Rev.%201.2\" target=\"_blank\" rel=\"noopener noreferrer\" data-reference=\"Rev. 1.2\" data-version=\"esv\" data-purpose=\"bible-reference\">Apoc. 1: 2<\/a>\u00a0, LSG).<\/p>\n<p>L&rsquo;introduction au livre de l&rsquo;Apocalypse expose la source, c&rsquo;est-\u00e0-dire Dieu et le contenu du livre &#8211; la r\u00e9v\u00e9lation de J\u00e9sus-Christ.\u00a0Au verset 2, on nous dit que Jean a t\u00e9moign\u00e9 de \u00abla Parole de Dieu\u00bb et \u00abdu t\u00e9moignage de J\u00e9sus\u00bb.<\/p>\n<p>\u00abLa Parole de Dieu\u00bb est commun\u00e9ment comprise comme faisant r\u00e9f\u00e9rence \u00e0 ce que Dieu dit;\u00a0et \u00able t\u00e9moignage de J\u00e9sus\u00bb parall\u00e8lement \u00e0 \u00abla Parole de Dieu\u00bb doit donc signifier le t\u00e9moignage que J\u00e9sus lui-m\u00eame rend.\u00a0Comment J\u00e9sus a-t-il t\u00e9moign\u00e9 de lui-m\u00eame?\u00a0Pendant son s\u00e9jour sur Terre, il a t\u00e9moign\u00e9 en personne aupr\u00e8s des habitants de Jud\u00e9e.\u00a0Apr\u00e8s son ascension, il a parl\u00e9 \u00e0 travers ses proph\u00e8tes.<\/p>\n<p>\u00abMoi Jean, ton fr\u00e8re, qui partage avec toi en J\u00e9sus la tribulation et le royaume et l&rsquo;endurance patiente, j&rsquo;\u00e9tais sur l&rsquo;\u00eele appel\u00e9e Patmos \u00e0 cause de la parole de Dieu et du t\u00e9moignage de J\u00e9sus\u00bb (v. 9, LSG ).<\/p>\n<p>Avant de parler en d\u00e9tail de sa premi\u00e8re vision, John se pr\u00e9sente et expose ses r\u00e9f\u00e9rences.\u00a0Il mentionne qui il est &#8211; John, \u00abton fr\u00e8re\u00bb.\u00a0o\u00f9 il est &#8211; \u00e0 Patmos;\u00a0pourquoi il est l\u00e0 &#8211; \u00e0 cause de \u00abla Parole de Dieu\u00bb et \u00abdu t\u00e9moignage de J\u00e9sus\u00bb;\u00a0et quand il a re\u00e7u la vision &#8211; \u00ab\u00a0le jour du Seigneur.\u00a0\u00bb<\/p>\n<p>Le parall\u00e9lisme entre la \u00abParole de Dieu\u00bb et \u00able t\u00e9moignage de J\u00e9sus\u00bb est \u00e0 nouveau clairement discernable.\u00a0\u00abLa Parole de Dieu\u00bb \u00e0 l&rsquo;\u00e9poque de Jean faisait r\u00e9f\u00e9rence \u00e0 l&rsquo;Ancien Testament et le \u00abt\u00e9moignage de J\u00e9sus\u00bb \u00e0 ce que J\u00e9sus avait dit dans les \u00c9vangiles et \u00e0 travers ses proph\u00e8tes &#8211; comme Pierre et Paul.\u00a0Ainsi, les deux g\u00e9nitifs peuvent \u00eatre consid\u00e9r\u00e9s comme des g\u00e9nitifs subjectifs.\u00a0Ils d\u00e9crivent le contenu de la pr\u00e9dication de John, pour laquelle il a \u00e9t\u00e9 banni.<\/p>\n<p>\u00abLe dragon \u00e9tait irrit\u00e9 contre la femme et est all\u00e9 faire la guerre au reste de sa post\u00e9rit\u00e9, qui garde les commandements de Dieu et a le t\u00e9moignage de J\u00e9sus-Christ\u00bb (\u00a0<a class=\"rtBibleRef\" href=\"https:\/\/biblia.com\/bible\/kjv1900\/Rev.%2012.17\" target=\"_blank\" rel=\"noopener noreferrer\" data-reference=\"Rev. 12.17\" data-version=\"kjv1900\" data-purpose=\"bible-reference\">Apoc. 12:17, LSG<\/a>\u00a0).<\/p>\n<p>Le \u00abreste de sa post\u00e9rit\u00e9\u00bb comprend les membres fid\u00e8les de l&rsquo;\u00e9glise de Dieu au temps de la fin. Le dragon qui a tent\u00e9 de d\u00e9truire la femme (la v\u00e9ritable \u00e9glise de Dieu) tout au long de la p\u00e9riode de 1260 ans (vv. 6, 14) dirige maintenant sa col\u00e8re contre le reste de ses fid\u00e8les croyants.\u00a0Ce r\u00e9sidu est identifi\u00e9 par deux caract\u00e9ristiques sp\u00e9cifiques: ils \u00abgardent les commandements de Dieu\u00bb et ils ont \u00able t\u00e9moignage de J\u00e9sus\u00bb.<\/p>\n<p>Quels que soient les commandements que nous voudrions inclure dans la premi\u00e8re marque, nous devons certainement inclure les Dix Commandements.\u00a0Ainsi, le premier signe identifiant de l&rsquo;\u00e9glise du reste est leur fid\u00e9lit\u00e9 aux commandements de Dieu &#8211; tous ses commandements, y compris le quatri\u00e8me, le commandement du sabbat.\u00a0Dieu dans\u00a0<a class=\"rtBibleRef\" href=\"https:\/\/biblia.com\/bible\/esv\/Rev%2012.17\" target=\"_blank\" rel=\"noopener noreferrer\" data-reference=\"Rev 12.17\" data-version=\"esv\" data-purpose=\"bible-reference\">Apocalypse 12:17<\/a>\u00a0dit, essentiellement: \u00e0 la fin des temps, j&rsquo;aurai une \u00e9glise visible &#8211; l&rsquo;\u00e9glise du reste &#8211; qui sera reconnue par le fait qu&rsquo;ils gardent les commandements tels que je leur ai donn\u00e9s au d\u00e9but, y compris le sabbat commandement.<\/p>\n<p>Nous trouvons la deuxi\u00e8me marque d&rsquo;identification expliqu\u00e9e dans\u00a0<a class=\"rtBibleRef\" href=\"https:\/\/biblia.com\/bible\/esv\/Rev%2019.10\" target=\"_blank\" rel=\"noopener noreferrer\" data-reference=\"Rev 19.10\" data-version=\"esv\" data-purpose=\"bible-reference\">Apocalypse 19:10<\/a>\u00a0: \u00abPuis je suis tomb\u00e9 \u00e0 ses pieds pour l&rsquo;adorer, mais il m&rsquo;a dit: &lsquo;Tu ne dois pas faire \u00e7a!\u00a0Je suis un compagnon de service avec vous et vos fr\u00e8res qui d\u00e9tiennent le t\u00e9moignage de J\u00e9sus.\u00a0Dieu de culte.&rsquo;\u00a0Car le t\u00e9moignage de J\u00e9sus est l&rsquo;esprit de proph\u00e9tie \u00bb(LSG).<\/p>\n<p>\u00abCar le t\u00e9moignage de J\u00e9sus est l&rsquo;esprit de proph\u00e9tie.\u00bb\u00a0Mais qu&rsquo;est-ce que \u00abl&rsquo;esprit de proph\u00e9tie?\u00bb\u00a0Cette phrase n&rsquo;appara\u00eet qu&rsquo;une seule fois dans la Bible, dans ce texte.\u00a0Le parall\u00e8le le plus proche, nous le trouvons dans\u00a0<a class=\"rtBibleRef\" href=\"https:\/\/biblia.com\/bible\/esv\/1%20Cor%2012.8%E2%80%9310\" target=\"_blank\" rel=\"noopener noreferrer\" data-reference=\"1 Cor 12.8\u201310\" data-version=\"esv\" data-purpose=\"bible-reference\">1 Corinthiens 12: 8-10<\/a>\u00a0.\u00a0L\u00e0, Paul fait r\u00e9f\u00e9rence au Saint-Esprit, qui, entre autres charismes, donne le don de proph\u00e9tie;\u00a0et la personne qui re\u00e7oit ce don est appel\u00e9e proph\u00e8te (\u00a0<a class=\"rtBibleRef\" href=\"https:\/\/biblia.com\/bible\/esv\/1%20Cor.%2012.28\" target=\"_blank\" rel=\"noopener noreferrer\" data-reference=\"1 Cor. 12.28\" data-version=\"esv\" data-purpose=\"bible-reference\">1 Cor. 12:28<\/a>\u00a0,\u00a0<a class=\"rtBibleRef\" href=\"https:\/\/biblia.com\/bible\/esv\/Eph.%204.11\" target=\"_blank\" rel=\"noopener noreferrer\" data-reference=\"Eph. 4.11\" data-version=\"esv\" data-purpose=\"bible-reference\">Eph. 4:11<\/a>\u00a0).\u00a0Tout comme ceux qui ont le don de proph\u00e9tie dans\u00a0<a class=\"rtBibleRef\" href=\"https:\/\/biblia.com\/bible\/esv\/1%20Cor%2012.10\" target=\"_blank\" rel=\"noopener noreferrer\" data-reference=\"1 Cor 12.10\" data-version=\"esv\" data-purpose=\"bible-reference\">1 Corinthiens 12:10<\/a>\u00a0sont appel\u00e9s proph\u00e8tes au verset 28, de m\u00eame ceux qui ont l&rsquo;Esprit de proph\u00e9tie dans\u00a0<a class=\"rtBibleRef\" href=\"https:\/\/biblia.com\/bible\/esv\/Rev%2019.10\" target=\"_blank\" rel=\"noopener noreferrer\" data-reference=\"Rev 19.10\" data-version=\"esv\" data-purpose=\"bible-reference\">Apocalypse 19:10<\/a>\u00a0sont appel\u00e9s proph\u00e8tes dans le chapitre 22 versets 8 et 9.<\/p>\n<p>Nous trouvons la m\u00eame situation dans les deux passages.\u00a0Jean tombe aux pieds de l&rsquo;ange pour adorer.\u00a0Les mots de la r\u00e9ponse de l&rsquo;ange sont presque identiques, mais la diff\u00e9rence est significative.\u00a0Dans\u00a0<a class=\"rtBibleRef\" href=\"https:\/\/biblia.com\/bible\/esv\/Rev%2019.10\" target=\"_blank\" rel=\"noopener noreferrer\" data-reference=\"Rev 19.10\" data-version=\"esv\" data-purpose=\"bible-reference\">Apocalypse 19:10<\/a>\u00a0, les fr\u00e8res sont identifi\u00e9s par la phrase \u00abqui d\u00e9tient [a] le t\u00e9moignage de J\u00e9sus\u00bb (LSG).\u00a0Dans\u00a0<a class=\"rtBibleRef\" href=\"https:\/\/biblia.com\/bible\/esv\/Rev%2022.9\" target=\"_blank\" rel=\"noopener noreferrer\" data-reference=\"Rev 22.9\" data-version=\"esv\" data-purpose=\"bible-reference\">Apocalypse 22: 9<\/a>\u00a0(LSG), les fr\u00e8res sont simplement appel\u00e9s \u00abproph\u00e8tes\u00bb.\u00a0Si le principe protestant d&rsquo;interpr\u00e9tation des \u00c9critures par les \u00c9critures signifie quelque chose, cette comparaison doit conduire \u00e0 la conclusion que \u00abl&rsquo;esprit de proph\u00e9tie\u00bb dans\u00a0<a class=\"rtBibleRef\" href=\"https:\/\/biblia.com\/bible\/esv\/Rev%2019.10\" target=\"_blank\" rel=\"noopener noreferrer\" data-reference=\"Rev 19.10\" data-version=\"esv\" data-purpose=\"bible-reference\">Apocalypse 19:10<\/a>\u00a0n&rsquo;existe pas en tant que possession de tous les membres de l&rsquo;\u00e9glise en g\u00e9n\u00e9ral, mais seulement de ceux qui ont \u00e9t\u00e9 appel\u00e9 par Dieu \u00e0 \u00eatre des proph\u00e8tes.<\/p>\n<p>D&rsquo;autres ont \u00e9galement vu ce point.\u00a0Le savant luth\u00e9rien Hermann Strathmann, par exemple, dit: \u00abSelon le parall\u00e8le 22: 9, les fr\u00e8res mentionn\u00e9s ne sont pas des croyants en g\u00e9n\u00e9ral, mais des proph\u00e8tes.\u00a0Ici aussi, ils sont caract\u00e9ris\u00e9s comme tels.\u00a0C&rsquo;est le point du verset 10c.\u00a0S&rsquo;ils ont la\u00a0<em>marturie Iesou<\/em>\u00a0, ils ont l&rsquo;esprit de proph\u00e9tie, c&rsquo;est-\u00e0-dire qu&rsquo;ils sont des proph\u00e8tes, comme l&rsquo;ange, qui se tient simplement au service de la\u00a0<em>marturie Iesou<\/em>\u00a0. \u00bb\u00a0<sup>5<\/sup><\/p>\n<p>De m\u00eame, James Moffat explique: \u00ab&rsquo;Car le t\u00e9moignage de J\u00e9sus est l&rsquo;esprit de proph\u00e9tie.&rsquo;\u00a0Ce commentaire marginal en prose d\u00e9finit sp\u00e9cifiquement les fr\u00e8res qui d\u00e9tiennent le t\u00e9moignage de J\u00e9sus comme d\u00e9tenteurs d&rsquo;inspiration proph\u00e9tique.\u00a0Le t\u00e9moignage de J\u00e9sus est pratiquement \u00e9quivalent au t\u00e9moignage de J\u00e9sus. \u00bb\u00a0<sup>6<\/sup><\/p>\n<h2>LE T\u00c9MOIN DES TARGUMIM<\/h2>\n<p>Les lecteurs juifs \u00e0 l&rsquo;\u00e9poque de Jean savaient ce que signifiait l&rsquo;expression Esprit de proph\u00e9tie.\u00a0Ils auraient compris l&rsquo;expression comme une r\u00e9f\u00e9rence au Saint-Esprit, qui conf\u00e8re le don proph\u00e9tique \u00e0 l&rsquo;homme.\u00a0Le juda\u00efsme rabbinique a assimil\u00e9 les expressions\u00a0<em>Saint-Esprit, Esprit de Dieu<\/em>\u00a0ou\u00a0<em>Esprit de Yahv\u00e9 de<\/em>\u00a0l&rsquo;Ancien Testament\u00a0avec\u00a0<em>l&rsquo;Esprit de proph\u00e9tie,<\/em>\u00a0comme on peut le voir dans l&rsquo;occurrence fr\u00e9quente de ce terme dans le Targumim (traductions \u00e9crites de l&rsquo;AT en aram\u00e9en):<\/p>\n<p><strong><a class=\"rtBibleRef\" href=\"https:\/\/biblia.com\/bible\/esv\/Gen%2041.38\" target=\"_blank\" rel=\"noopener noreferrer\" data-reference=\"Gen 41.38\" data-version=\"esv\" data-purpose=\"bible-reference\">Gen\u00e8se 41:38<\/a>\u00a0:<\/strong><\/p>\n<p><strong>Ancien testament h\u00e9breu<\/strong><\/p>\n<p>\u00abEt Pharaon dit \u00e0 ses serviteurs: &lsquo;Pouvons-nous trouver\u00a0<em>un tel que celui-<\/em>\u00a0ci, un homme en qui\u00a0<em>est<\/em>\u00a0l&rsquo;Esprit de Dieu?&rsquo;\u00bb<\/p>\n<p><strong>Targum aram\u00e9en<\/strong><\/p>\n<p>\u00abEt Pharaon dit \u00e0 ses serviteurs: &lsquo;Pouvons-nous trouver un homme comme celui-ci, en qui est l&rsquo;Esprit de proph\u00e9tie du Seigneur?&rsquo;\u00bb<\/p>\n<p><strong><a class=\"rtBibleRef\" href=\"https:\/\/biblia.com\/bible\/esv\/Num%2027.18\" target=\"_blank\" rel=\"noopener noreferrer\" data-reference=\"Num 27.18\" data-version=\"esv\" data-purpose=\"bible-reference\">Nombres 27:18<\/a><\/strong>\u00a0:<\/p>\n<p><strong>Ancien testament h\u00e9breu<\/strong><\/p>\n<p>\u00abEt le Seigneur dit \u00e0 Mo\u00efse: &lsquo;Prends avec toi Josu\u00e9, fils de Nun, homme en qui\u00a0<em>est<\/em>\u00a0l&rsquo;Esprit.&rsquo;\u00a0\u00a0\u00bb<\/p>\n<p><strong>Targum aram\u00e9en<\/strong><\/p>\n<p>\u00abEt le Seigneur dit \u00e0 Mosheh: &lsquo;Prends Jehoshua bar Nun, un homme sur qui demeure l&rsquo;Esprit de proph\u00e9tie devant le Seigneur.&rsquo;\u00a0\u201d\u00a0<sup>7<\/sup><\/p>\n<p>Commentant cette expression dans les Targumim, JP Sch\u00e4fer dit: \u00abUn examen des versets o\u00f9 TO [Targum Onkelos] utilise le terme\u00ab Esprit de proph\u00e9tie \u00bbmontre que dans presque tous les cas il y a une relation directe avec la proph\u00e9tie dans le contexte biblique. .\u00a0La traduction de \u00abl&rsquo;Esprit de proph\u00e9tie\u00bb, bien que non litt\u00e9ralement au sens strict, est presque toujours stipul\u00e9e dans le MT [Texte massor\u00e9tique] (\u00a0<a class=\"rtBibleRef\" href=\"https:\/\/biblia.com\/bible\/esv\/Gen.%2041.38\" target=\"_blank\" rel=\"noopener noreferrer\" data-reference=\"Gen. 41.38\" data-version=\"esv\" data-purpose=\"bible-reference\">Gen\u00e8se 41:38<\/a>\u00a0&#8211; Joseph avait \u00abl&rsquo;Esprit de proph\u00e9tie\u00bb parce qu&rsquo;il \u00e9tait capable d&rsquo;interpr\u00e9ter le r\u00eave de Pharaon ;\u00a0<a class=\"rtBibleRef\" href=\"https:\/\/biblia.com\/bible\/esv\/Num.%2011.25\" target=\"_blank\" rel=\"noopener noreferrer\" data-reference=\"Num. 11.25\" data-version=\"esv\" data-purpose=\"bible-reference\">Nombres 11:25<\/a>\u00a0&#8211; L&rsquo;Esprit qui s&rsquo;est install\u00e9 sur les 70 Anciens, selon le MT, a provoqu\u00e9 la &lsquo;proph\u00e9tie&rsquo;;\u00a0<a class=\"rtBibleRef\" href=\"https:\/\/biblia.com\/bible\/esv\/Num.%2024.2\" target=\"_blank\" rel=\"noopener noreferrer\" data-reference=\"Num. 24.2\" data-version=\"esv\" data-purpose=\"bible-reference\">Nombres 24: 2<\/a>&#8211; Bileam [Balaam] a proph\u00e9tis\u00e9 concernant Isra\u00ebl).\u00a0En d&rsquo;autres termes, le terme \u00abEsprit de proph\u00e9tie\u00bb d\u00e9crit une situation clairement d\u00e9finie, \u00e0 savoir, le Saint-Esprit envoy\u00e9 par Dieu qui conf\u00e8re le don proph\u00e9tique \u00e0 l&rsquo;homme. \u00bb\u00a0<sup>8<\/sup><\/p>\n<p>Le savant anglais du Nouveau Testament FF Bruce arrive \u00e0 la m\u00eame conclusion et dit: \u00abL&rsquo;expression\u00ab l&rsquo;Esprit de proph\u00e9tie \u00bbest courante dans le juda\u00efsme post-biblique: elle est utilis\u00e9e, par exemple, dans une circonlocution targumique pour l&rsquo;Esprit de Yahv\u00e9 qui vient sur tel ou tel proph\u00e8te.\u00a0Ainsi, le Targum de Jonathan rend les premi\u00e8res paroles d&rsquo;\u00a0<a class=\"rtBibleRef\" href=\"https:\/\/biblia.com\/bible\/esv\/Isa%2061.1\" target=\"_blank\" rel=\"noopener noreferrer\" data-reference=\"Isa 61.1\" data-version=\"esv\" data-purpose=\"bible-reference\">\u00c9sa\u00efe 61: 1<\/a>\u00a0comme \u00abl&rsquo;Esprit de proph\u00e9tie d&rsquo;avant le Seigneur Dieu est sur moi\u00bb.\u00a0La pens\u00e9e exprim\u00e9e dans\u00a0<a class=\"rtBibleRef\" href=\"https:\/\/biblia.com\/bible\/esv\/Rev%2019.10\" target=\"_blank\" rel=\"noopener noreferrer\" data-reference=\"Rev 19.10\" data-version=\"esv\" data-purpose=\"bible-reference\">Apocalypse 19:10<\/a>\u00a0n&rsquo;est pas diff\u00e9rente de celle d\u00e9j\u00e0 cit\u00e9e dans\u00a0<a class=\"rtBibleRef\" href=\"https:\/\/biblia.com\/bible\/esv\/1%20Pet%201.11\" target=\"_blank\" rel=\"noopener noreferrer\" data-reference=\"1 Pet 1.11\" data-version=\"esv\" data-purpose=\"bible-reference\">1 Pierre 1:11<\/a>o\u00f9 \u00abl&rsquo;Esprit de Christ\u00bb aurait rendu un t\u00e9moignage avanc\u00e9 dans les proph\u00e8tes de l&rsquo;Ancien Testament.\u00a0L\u00e0 aussi, J\u00e9sus est le th\u00e8me du t\u00e9moignage port\u00e9 par l&rsquo;Esprit proph\u00e9tique;\u00a0les proph\u00e8tes ne savaient pas qui \u00e9tait la personne ni quelle serait l&rsquo;heure, mais enfin le secret est d\u00e9voil\u00e9: la personne est J\u00e9sus;\u00a0c&rsquo;est maintenant.\u00a0Dans\u00a0<a class=\"rtBibleRef\" href=\"https:\/\/biblia.com\/bible\/esv\/Rev%2019.10\" target=\"_blank\" rel=\"noopener noreferrer\" data-reference=\"Rev 19.10\" data-version=\"esv\" data-purpose=\"bible-reference\">Apocalypse 19:10<\/a>\u00a0, cependant, c&rsquo;est par l&rsquo;interm\u00e9diaire des proph\u00e8tes chr\u00e9tiens que l&rsquo;Esprit de proph\u00e9tie t\u00e9moigne.\u00a0Ce que les proph\u00e8tes des jours pr\u00e9chr\u00e9tiens ont pr\u00e9dit est proclam\u00e9 comme un fait accompli par les proph\u00e8tes du nouvel \u00e2ge, parmi lesquels Jean occupe une place de premier plan. \u00bb\u00a0<sup>9<\/sup><\/p>\n<h2>R\u00c9SUM\u00c9 DE L&rsquo;APOCALYPSE 12:17<\/h2>\n<p>Revenant maintenant \u00e0\u00a0<a class=\"rtBibleRef\" href=\"https:\/\/biblia.com\/bible\/esv\/Rev%2012.17\" target=\"_blank\" rel=\"noopener noreferrer\" data-reference=\"Rev 12.17\" data-version=\"esv\" data-purpose=\"bible-reference\">Apocalypse 12:17<\/a> , nous pouvons dire que \u00able reste de sa post\u00e9rit\u00e9.\u00a0.\u00a0.\u00a0garder les commandements de Dieu et avoir le t\u00e9moignage de J\u00e9sus-Christ \u00bb, qui est l&rsquo;Esprit de proph\u00e9tie ou le don proph\u00e9tique.\u00a0Cette interpr\u00e9tation est renforc\u00e9e par une \u00e9tude du mot grec\u00a0<em>\u00e9cho, qui<\/em>\u00a0signifie \u00abavoir\u00bb.\u00a0Ce mot indique la possession.\u00a0Ils ont un don de Dieu &#8211; le don proph\u00e9tique.\u00a0Si le t\u00e9moignage de J\u00e9sus \u00e9tait notre t\u00e9moignage sur J\u00e9sus, Jean aurait \u00e9crit quelque chose comme ceci: \u00abIls gardent les commandements de Dieu et t\u00e9moignent de J\u00e9sus\u00bb ou \u00abils rendent t\u00e9moignage de J\u00e9sus\u00bb.\u00a0Mais l&rsquo;\u00a0<em>\u00e9cho de l&rsquo;<\/em>\u00a0\u0153uvre grecque\u00a0n&rsquo;est jamais utilis\u00e9 dans le sens de \u00abrendre t\u00e9moignage\u00bb.\u00a0<sup>dix<\/sup><\/p>\n<p>En r\u00e9sum\u00e9, nous pouvons dire que l&rsquo;\u00e9glise du reste visible, qui selon la proph\u00e9tie existe apr\u00e8s la p\u00e9riode de 1260 jours (apr\u00e8s 1798), a deux marques d&rsquo;identification sp\u00e9cifiques:<\/p>\n<p>une.\u00a0Ils gardent les commandements de Dieu, y compris le commandement du sabbat tel que Dieu l&rsquo;a donn\u00e9.<\/p>\n<p>b.\u00a0Ils ont le t\u00e9moignage de J\u00e9sus, qui est l&rsquo;Esprit de proph\u00e9tie ou le don proph\u00e9tique au milieu d&rsquo;eux.<\/p>\n<h2>L&rsquo;\u00c9GLISE ADVENTISTE DU SEPTI\u00c8ME JOUR<\/h2>\n<p>L&rsquo;\u00c9glise adventiste du septi\u00e8me jour, depuis sa cr\u00e9ation en 1863, a toujours revendiqu\u00e9 ces signes identifiants.\u00a0En tant qu&rsquo;Adventistes, nous proclamons les Dix Commandements, y compris le Sabbat;\u00a0et nous croyons qu&rsquo;en tant qu&rsquo;\u00e9glise, nous avons le t\u00e9moignage de J\u00e9sus, c&rsquo;est-\u00e0-dire que Dieu s&rsquo;est manifest\u00e9 dans la vie et l&rsquo;\u0153uvre d&rsquo;Ellen G. White.\u00a0Ainsi, l&rsquo;\u00e9glise adventiste du septi\u00e8me jour est une \u00e9glise pr\u00e9vue proph\u00e9tiquement, pas seulement une \u00e9glise parmi tant d&rsquo;autres.\u00a0Dieu a appel\u00e9 cette \u00e9glise \u00e0 l&rsquo;existence dans un but tr\u00e8s pr\u00e9cis: proclamer les messages des trois anges.<\/p>\n<p>Nos pionniers \u00e9taient tout \u00e0 fait certains que l&rsquo;\u00e9glise adventiste du septi\u00e8me jour \u00e9tait devenue l&rsquo;\u00e9glise du reste d&rsquo;\u00a0<a class=\"rtBibleRef\" href=\"https:\/\/biblia.com\/bible\/esv\/Rev%2012.17\" target=\"_blank\" rel=\"noopener noreferrer\" data-reference=\"Rev 12.17\" data-version=\"esv\" data-purpose=\"bible-reference\">Apocalypse 12:17<\/a>\u00a0.\u00a0GI Butler, pr\u00e9sident de la Conf\u00e9rence g\u00e9n\u00e9rale de 1871 \u00e0 1874 et de 1880 \u00e0 1888, \u00e9crivait dans un article intitul\u00e9 \u00abVisions et r\u00eaves\u00bb: \u00abN&rsquo;y a-t-il donc personne dans lequel ces conditions se combinent ces derniers jours?\u00a0Nous pensons qu&rsquo;ils le font vraiment chez les adventistes du septi\u00e8me jour.\u00a0Partout, ils ont pr\u00e9tendu \u00eatre l&rsquo;\u00e9glise \u00abrestante\u00bb au cours des vingt-cinq derni\u00e8res ann\u00e9es.\u00a0.\u00a0.\u00a0.<\/p>\n<p>\u00abGardent-ils les commandements de Dieu?\u00a0Chacun sachant quelque chose sur ce peuple peut r\u00e9pondre que c&rsquo;est la partie la plus importante de sa foi.\u00a0.\u00a0.\u00a0.<\/p>\n<p>\u00ab\u00a0En ce qui concerne l&rsquo;esprit de proph\u00e9tie, c&rsquo;est un fait remarquable que depuis le d\u00e9but de leur existence en tant que peuple, les Adventistes SD ont affirm\u00e9 qu&rsquo;il avait \u00e9t\u00e9 en exercice actif parmi eux.\u00a0\u00bb\u00a0<sup>11<\/sup><\/p>\n<p>Et nous croyons toujours que l&rsquo;\u00c9glise adventiste du septi\u00e8me jour existe en tant qu&rsquo;\u00c9glise r\u00e9siduelle visible et que l&rsquo;Esprit de proph\u00e9tie est devenu l&rsquo;une des marques d&rsquo;identification: \u00abL&rsquo;un des dons du Saint-Esprit est la proph\u00e9tie.\u00a0Ce don est une marque d&rsquo;identification de l&rsquo;\u00e9glise du reste et s&rsquo;est manifest\u00e9 dans le minist\u00e8re d&rsquo;Ellen G. White, la messag\u00e8re du Seigneur.\u00a0Ses \u00e9crits sont une source de v\u00e9rit\u00e9 continue et faisant autorit\u00e9, qui assure le confort, la direction, l&rsquo;instruction et la correction de l&rsquo;\u00e9glise.\u00a0Ils indiquent \u00e9galement clairement que la Bible est la norme par laquelle tout enseignement et toute exp\u00e9rience doivent \u00eatre test\u00e9s. \u00bb\u00a0<sup>12<\/sup><\/p>\n<p>En tant qu&rsquo;adventistes du septi\u00e8me jour, nous sommes membres de l&rsquo;\u00e9glise du reste de Dieu.\u00a0Cependant, cette identification avec l&rsquo;\u00e9glise du reste ne nous accorde pas un statut exclusif avec Dieu.\u00a0Le salut n&rsquo;est garanti par l&rsquo;appartenance \u00e0 aucune \u00e9glise, m\u00eame l&rsquo;\u00e9glise restante.\u00a0Nous sommes sauv\u00e9s en tant qu&rsquo;individus, pas en tant qu&rsquo;\u00e9glise.\u00a0Mais faire partie de l&rsquo;\u00e9glise restante de Dieu signifie que nous avons acc\u00e8s aux messages sp\u00e9ciaux de Dieu par le biais d&rsquo;Ellen White et que nous participons \u00e0 la proclamation du message du temps de la fin de Dieu &#8211; les messages des trois anges &#8211; au monde.<\/p>\n<section class=\"footnotes\">1 ME Osterhaven, \u00abT\u00e9moignage\u00bb,\u00a0<em>The Zondervan Pictorial Encyclopedia of the Bible<\/em>\u00a0(Grand Rapids, MI: Zondervan, 1975), 5: 682;\u00a0voir aussi Petros Vassiliades, \u00abLa traduction de\u00a0<em>Marturia Iesou<\/em>\u00a0dans l&rsquo;Apocalypse\u00bb,\u00a0<em>Bible Translator<\/em>\u00a036 (1985): 129\u2013134.2 Ray F.Robbins,\u00a0<em>La r\u00e9v\u00e9lation de J\u00e9sus-Christ<\/em>\u00a0(Nashville, TN: Broadman Press, 1975), 154.3 James Moffat, \u00abLa r\u00e9v\u00e9lation de saint Jean le Divin\u00bb,\u00a0<em>The Expositor&rsquo;s Greek Testament<\/em>\u00a0, \u00e9d.\u00a0WR Nicoll (Grand Rapids, MI: Eerdmans, 1956), 5: 465.<\/p>\n<p>4 Voir G. Pfandl, \u00abThe Remnant Church and the Spirit of Prophecy\u00bb,\u00a0<em>Symposium on Apocalypse II<\/em>\u00a0, Daniel &amp; Revelation Committee Series, \u00e9d.\u00a0Frank B. Holbrook (Silver Spring, MD: Institut de recherche biblique, 1992), 7: 305-306.<\/p>\n<p>5 Hermann Strathmann, \u00abMartyrs\u00bb,\u00a0<em>Dictionnaire th\u00e9ologique du Nouveau Testament<\/em>\u00a0, trans.\u00a0GW Bromiley, vol.\u00a04 (Grand Rapids, MI: Eerdmans, 1971), 501.<\/p>\n<p>6 Moffat, \u00abLa r\u00e9v\u00e9lation de saint Jean le Divin\u00bb, 465.<\/p>\n<p>7 John W. Etheridge,\u00a0<em>The Targums of Onkelos et Jonathan Ben Uzziel on the Pentateuch<\/em>\u00a0(Londres, 1862), 1: 131, 556;\u00a02: 442.\u00a0D&rsquo;autres occurrences sont\u00a0<a class=\"rtBibleRef\" href=\"https:\/\/biblia.com\/bible\/esv\/Gen%2045.27\" target=\"_blank\" rel=\"noopener noreferrer\" data-reference=\"Gen 45.27\" data-version=\"esv\" data-purpose=\"bible-reference\">Gen\u00e8se 45:27<\/a>\u00a0;\u00a0<a class=\"rtBibleRef\" href=\"https:\/\/biblia.com\/bible\/esv\/Exod%2035.21\" target=\"_blank\" rel=\"noopener noreferrer\" data-reference=\"Exod 35.21\" data-version=\"esv\" data-purpose=\"bible-reference\">Exode 35:21<\/a>\u00a0,\u00a0<a class=\"rtBibleRef\" href=\"https:\/\/biblia.com\/bible\/esv\/Exodus%2035.31\" target=\"_blank\" rel=\"noopener noreferrer\" data-reference=\"Exodus 35.31\" data-version=\"esv\" data-purpose=\"bible-reference\">31<\/a>\u00a0;\u00a0<a class=\"rtBibleRef\" href=\"https:\/\/biblia.com\/bible\/esv\/Num%2011.17\" target=\"_blank\" rel=\"noopener noreferrer\" data-reference=\"Num 11.17\" data-version=\"esv\" data-purpose=\"bible-reference\">Nombres 11:17<\/a>\u00a0,\u00a0<a class=\"rtBibleRef\" href=\"https:\/\/biblia.com\/bible\/esv\/Numbers%2011.25\" target=\"_blank\" rel=\"noopener noreferrer\" data-reference=\"Numbers 11.25\" data-version=\"esv\" data-purpose=\"bible-reference\">25<\/a>\u00a0,\u00a0<a class=\"rtBibleRef\" href=\"https:\/\/biblia.com\/bible\/esv\/Numbers%2011.26\" target=\"_blank\" rel=\"noopener noreferrer\" data-reference=\"Numbers 11.26\" data-version=\"esv\" data-purpose=\"bible-reference\">26<\/a>\u00a0,\u00a0<a class=\"rtBibleRef\" href=\"https:\/\/biblia.com\/bible\/esv\/Numbers%2011.28\" target=\"_blank\" rel=\"noopener noreferrer\" data-reference=\"Numbers 11.28\" data-version=\"esv\" data-purpose=\"bible-reference\">28<\/a>\u00a0,\u00a0<a class=\"rtBibleRef\" href=\"https:\/\/biblia.com\/bible\/esv\/Numbers%2011.29\" target=\"_blank\" rel=\"noopener noreferrer\" data-reference=\"Numbers 11.29\" data-version=\"esv\" data-purpose=\"bible-reference\">29<\/a>\u00a0;\u00a0<a class=\"rtBibleRef\" href=\"https:\/\/biblia.com\/bible\/esv\/Numbers%2024.2\" target=\"_blank\" rel=\"noopener noreferrer\" data-reference=\"Numbers 24.2\" data-version=\"esv\" data-purpose=\"bible-reference\">24: 2<\/a>\u00a0;\u00a0<a class=\"rtBibleRef\" href=\"https:\/\/biblia.com\/bible\/esv\/Judg%203.10\" target=\"_blank\" rel=\"noopener noreferrer\" data-reference=\"Judg 3.10\" data-version=\"esv\" data-purpose=\"bible-reference\">Juges 3:10<\/a>\u00a0;\u00a0<a class=\"rtBibleRef\" href=\"https:\/\/biblia.com\/bible\/esv\/1%20Sam%2010.6\" target=\"_blank\" rel=\"noopener noreferrer\" data-reference=\"1 Sam 10.6\" data-version=\"esv\" data-purpose=\"bible-reference\">1 Samuel 10: 6<\/a>\u00a0;\u00a0<a class=\"rtBibleRef\" href=\"https:\/\/biblia.com\/bible\/esv\/1%20Samuel%2019.10\" target=\"_blank\" rel=\"noopener noreferrer\" data-reference=\"1 Samuel 19.10\" data-version=\"esv\" data-purpose=\"bible-reference\">19:10<\/a>\u00a0,\u00a0<a class=\"rtBibleRef\" href=\"https:\/\/biblia.com\/bible\/esv\/1%20Samuel%2019.23\" target=\"_blank\" rel=\"noopener noreferrer\" data-reference=\"1 Samuel 19.23\" data-version=\"esv\" data-purpose=\"bible-reference\">23<\/a>\u00a0;\u00a0<a class=\"rtBibleRef\" href=\"https:\/\/biblia.com\/bible\/esv\/2%20Sam%2023.2\" target=\"_blank\" rel=\"noopener noreferrer\" data-reference=\"2 Sam 23.2\" data-version=\"esv\" data-purpose=\"bible-reference\">2 Samuel 23: 2<\/a>\u00a0;\u00a0<a class=\"rtBibleRef\" href=\"https:\/\/biblia.com\/bible\/esv\/1%20Kings%2022.24\" target=\"_blank\" rel=\"noopener noreferrer\" data-reference=\"1 Kings 22.24\" data-version=\"esv\" data-purpose=\"bible-reference\">1 Rois 22:24<\/a>\u00a0;\u00a0<a class=\"rtBibleRef\" href=\"https:\/\/biblia.com\/bible\/esv\/2%20Chron%2015.1\" target=\"_blank\" rel=\"noopener noreferrer\" data-reference=\"2 Chron 15.1\" data-version=\"esv\" data-purpose=\"bible-reference\">2 Chroniques 15: 1<\/a>\u00a0;\u00a0<a class=\"rtBibleRef\" href=\"https:\/\/biblia.com\/bible\/esv\/2%20Chronicles%2018.22\" target=\"_blank\" rel=\"noopener noreferrer\" data-reference=\"2 Chronicles 18.22\" data-version=\"esv\" data-purpose=\"bible-reference\">18:22<\/a>\u00a0,\u00a0<a class=\"rtBibleRef\" href=\"https:\/\/biblia.com\/bible\/esv\/2%20Chronicles%2018.23\" target=\"_blank\" rel=\"noopener noreferrer\" data-reference=\"2 Chronicles 18.23\" data-version=\"esv\" data-purpose=\"bible-reference\">23<\/a>\u00a0;\u00a0<a class=\"rtBibleRef\" href=\"https:\/\/biblia.com\/bible\/esv\/2%20Chronicles%2020.14\" target=\"_blank\" rel=\"noopener noreferrer\" data-reference=\"2 Chronicles 20.14\" data-version=\"esv\" data-purpose=\"bible-reference\">20:14<\/a>\u00a0;<a class=\"rtBibleRef\" href=\"https:\/\/biblia.com\/bible\/esv\/Ps%2051.13\" target=\"_blank\" rel=\"noopener noreferrer\" data-reference=\"Ps 51.13\" data-version=\"esv\" data-purpose=\"bible-reference\">Psaume 51:13<\/a>\u00a0;\u00a0<a class=\"rtBibleRef\" href=\"https:\/\/biblia.com\/bible\/esv\/Isa%2011.2\" target=\"_blank\" rel=\"noopener noreferrer\" data-reference=\"Isa 11.2\" data-version=\"esv\" data-purpose=\"bible-reference\">\u00c9sa\u00efe 11: 2<\/a>\u00a0.\u00a0Voir Strack-Billerbeck,\u00a0<em>Commentary on the New Testament<\/em>\u00a0(Munich, 1965), 2: 129.<\/p>\n<p>8 JP Sch\u00e4fer, \u00abLes termes\u00ab Saint-Esprit \u00bbet\u00ab Esprit de proph\u00e9tie \u00bbdans les Targumim et la relation des Targumim entre eux\u00bb,\u00a0<em>Vetus Testamentum<\/em>\u00a020 (1970): 310 (ma traduction).<\/p>\n<p>9 FF Bruce,\u00a0<em>The Time Is Fulfilled<\/em>\u00a0(Grand Rapids, MI: Eerdmans, 1978), 105\u2013106.<\/p>\n<p>10 Pfandl, \u00abThe Remnant Church\u00bb, 312-313.<\/p>\n<p>11 GI Butler, \u00abVisions and Prophecy\u00bb,\u00a0<em>Review and Herald<\/em>\u00a0, 2 juin 1874, 193.<\/p>\n<p>12 Les\u00a0<em>adventistes du septi\u00e8me jour croient<\/em>\u00a0(Silver Spring, MD: Association minist\u00e9rielle, Conf\u00e9rence g\u00e9n\u00e9rale des adventistes du septi\u00e8me jour, 2005), 247.<\/p>\n<p><strong>Source: Ministry Magazine<\/strong><\/p>\n<\/section>\n","protected":false},"excerpt":{"rendered":"<p>Au fil des si\u00e8cles, des commentaires ont lutt\u00e9 avec l&rsquo;expression johannique pour le t\u00e9moignage de J\u00e9sus\u00a0.\u00a0Est-ce le t\u00e9moignage g\u00e9n\u00e9ral de l&rsquo;\u00c9glise chr\u00e9tienne concernant J\u00e9sus, ou est-ce le t\u00e9moignage que J\u00e9sus lui-m\u00eame a rendu ici sur Terre et plus tard par l&rsquo;interm\u00e9diaire des proph\u00e8tes de l&rsquo;\u00c9glise chr\u00e9tienne?\u00a0L&rsquo;expression\u00a0t\u00e9moignage de J\u00e9sus\u00a0(\u00a0marturien I\u0113sou\u00a0) se produit six fois dans le [&hellip;]<\/p>\n","protected":false},"author":57,"featured_media":2020,"comment_status":"open","ping_status":"closed","sticky":false,"template":"","format":"standard","meta":[],"categories":[220,218],"tags":[720,895],"aioseo_notices":[],"post_mailing_queue_ids":[],"_links":{"self":[{"href":"https:\/\/www.adventdesk.com\/home\/wp-json\/wp\/v2\/posts\/2017"}],"collection":[{"href":"https:\/\/www.adventdesk.com\/home\/wp-json\/wp\/v2\/posts"}],"about":[{"href":"https:\/\/www.adventdesk.com\/home\/wp-json\/wp\/v2\/types\/post"}],"author":[{"embeddable":true,"href":"https:\/\/www.adventdesk.com\/home\/wp-json\/wp\/v2\/users\/57"}],"replies":[{"embeddable":true,"href":"https:\/\/www.adventdesk.com\/home\/wp-json\/wp\/v2\/comments?post=2017"}],"version-history":[{"count":0,"href":"https:\/\/www.adventdesk.com\/home\/wp-json\/wp\/v2\/posts\/2017\/revisions"}],"wp:featuredmedia":[{"embeddable":true,"href":"https:\/\/www.adventdesk.com\/home\/wp-json\/wp\/v2\/media\/2020"}],"wp:attachment":[{"href":"https:\/\/www.adventdesk.com\/home\/wp-json\/wp\/v2\/media?parent=2017"}],"wp:term":[{"taxonomy":"category","embeddable":true,"href":"https:\/\/www.adventdesk.com\/home\/wp-json\/wp\/v2\/categories?post=2017"},{"taxonomy":"post_tag","embeddable":true,"href":"https:\/\/www.adventdesk.com\/home\/wp-json\/wp\/v2\/tags?post=2017"}],"curies":[{"name":"wp","href":"https:\/\/api.w.org\/{rel}","templated":true}]}}