{"id":1739,"date":"2019-12-09T22:13:25","date_gmt":"2019-12-09T22:13:25","guid":{"rendered":"https:\/\/www.adventdesk.com\/home\/?p=1739"},"modified":"2019-12-10T16:39:19","modified_gmt":"2019-12-10T16:39:19","slug":"les-adventistes-devraient-ils-celebrer-noel","status":"publish","type":"post","link":"https:\/\/www.adventdesk.com\/home\/les-adventistes-devraient-ils-celebrer-noel\/","title":{"rendered":"Les adventistes devraient-ils c\u00e9l\u00e9brer No\u00ebl?"},"content":{"rendered":"<div class=\"field field-name-field-author field-type-taxonomy-term-reference field-label-inline clearfix\">\n<div class=\"field-label\">Auteur:<\/div>\n<div class=\"field-items\">\n<div class=\"field-item even\">Angel Manuel Rodriguez<\/div>\n<\/div>\n<\/div>\n<div class=\"field field-name-field-document-question field-type-text-long field-label-hidden\">\n<div class=\"field-items\">\n<div class=\"field-item even\">\n<p><span class=\"\">Chaque ann\u00e9e, je re\u00e7ois des lettres ou des appels t\u00e9l\u00e9phoniques me demandant s&rsquo;il est correct pour les adventistes de c\u00e9l\u00e9brer No\u00ebl. <\/span>L&rsquo;incertitude est g\u00e9n\u00e9ralement bas\u00e9e sur l&rsquo;absence de toute information biblique sur la date de naissance du Christ et sur la conviction que le 25 d\u00e9cembre a \u00e9t\u00e9 associ\u00e9 \u00e0 une f\u00eate pa\u00efenne. Permettez-moi de fournir quelques informations historiques sur la c\u00e9l\u00e9bration de No\u00ebl et de dire quelque chose sur sa signification.<\/p>\n<\/div>\n<\/div>\n<\/div>\n<p><!--more--><\/p>\n<div class=\"field field-name-field-document-text field-type-text-long field-label-hidden\">\n<div class=\"field-items\">\n<div class=\"field-item even\">\n<p><em>1. No\u00ebl et les Adventistes:<\/em>\u00a0Avant de commenter la question, permettez-moi de pr\u00e9ciser que les Adventistes ne sont pas, et ne devraient pas \u00eatre, contre No\u00ebl.\u00a0Pourquoi serions-nous contre une p\u00e9riode de temps o\u00f9 les chr\u00e9tiens se souviennent de la naissance de notre Sauveur?\u00a0Cependant, puisque cette f\u00eate n&rsquo;est pas ordonn\u00e9e par les \u00c9critures, nous ne consid\u00e9rons pas qu&rsquo;elle lie les croyants.\u00a0Nous ne reconnaissons qu&rsquo;un seul jour saint, le sabbat;\u00a0et nous la gardons sainte dans l&rsquo;ob\u00e9issance \u00e0 notre Cr\u00e9ateur et R\u00e9dempteur.<\/p>\n<p><em>2. No\u00ebl et histoire:<\/em>\u00a0Il est bien connu que le terme \u00abNo\u00ebl\u00bb est d\u00e9riv\u00e9 de l&rsquo;ancien mot anglais \u00abChristmesse\u00bb, qui signifie \u00abMesse du Christ\u00bb. Le terme est n\u00e9 au Moyen \u00c2ge de la pratique de la messe de minuit le la veille du 25 d\u00e9cembre pour c\u00e9l\u00e9brer la naissance du Christ.\u00a0Dans d&rsquo;autres langues, il est appel\u00e9 \u00abNativit\u00e9\u00bb (latin,\u00a0<em>natalis<\/em>\u00a0) ou \u00abNuits sacr\u00e9es\u00bb (allemand, Weihnachten).<\/p>\n<p>L&rsquo;histoire de cette f\u00eate chr\u00e9tienne reste floue.\u00a0Les historiens ont indiqu\u00e9 que la f\u00eate de la Nativit\u00e9 a commenc\u00e9 \u00e0 \u00eatre observ\u00e9e par les chr\u00e9tiens au cours du quatri\u00e8me si\u00e8cle.\u00a0Certains chr\u00e9tiens l&rsquo;ont calcul\u00e9 sur la base de la mort du Christ survenue le 25 mars. On a alors \u00e9mis l&rsquo;hypoth\u00e8se qu&rsquo;il devait \u00eatre n\u00e9 neuf mois avant le 25 d\u00e9cembre. D&rsquo;autres ont plac\u00e9 la naissance de J\u00e9sus le 25 mars.<\/p>\n<p>Mais l&rsquo;explication la plus courante est que No\u00ebl est en quelque sorte li\u00e9 au culte romain du Soleil invincible (latin,\u00a0<em>Sol Invictus<\/em>\u00a0), la renaissance du soleil, qui a \u00e9t\u00e9 c\u00e9l\u00e9br\u00e9e le 25 d\u00e9cembre. Cela pourrait expliquer l&rsquo;importance des lumi\u00e8res lors de la c\u00e9l\u00e9bration de la Nativit\u00e9, bien que la \u00ablumi\u00e8re\u00bb soit \u00e9galement associ\u00e9e au Christ dans les \u00c9critures (par exemple, Luc 1:78, 79).\u00a0Il est donc courant de l&rsquo;entendre all\u00e9guer que les chr\u00e9tiens ont adopt\u00e9 et adapt\u00e9 une f\u00eate pa\u00efenne.\u00a0C&rsquo;est possible, mais il est difficile de d\u00e9montrer \u00e0 partir des preuves historiques disponibles.<\/p>\n<p><em>3. No\u00ebl et le croyant:<\/em>\u00a0Nous devons reconna\u00eetre deux faits: Premi\u00e8rement, nous ne savons pas pourquoi Dieu, dans sa providence, a choisi de ne pas nous conserver un enregistrement du jour de la naissance de J\u00e9sus.\u00a0Il n&rsquo;est pas n\u00e9cessaire de sp\u00e9culer \u00e0 ce sujet.\u00a0Deuxi\u00e8mement, le fait est que le monde chr\u00e9tien c\u00e9l\u00e8bre la naissance de J\u00e9sus le 25 d\u00e9cembre. Nous ne pouvons pas changer cela, et il n&rsquo;y a aucune raison d&rsquo;essayer de le changer.\u00a0Les tentatives de rejet de la f\u00eate sont bas\u00e9es sur l&rsquo;absence de preuves bibliques et son lien possible avec une f\u00eate pa\u00efenne.\u00a0Par cons\u00e9quent, nous devons laisser cette question \u00e0 la conscience de chaque individu.<\/p>\n<p>Cela dit, permettez-moi de r\u00e9p\u00e9ter qu&rsquo;il n&rsquo;y a absolument rien de mal \u00e0 choisir un moment particulier pour m\u00e9diter et r\u00e9fl\u00e9chir sur l&rsquo;incarnation de notre Sauveur.\u00a0Je dirais qu&rsquo;\u00e0 No\u00ebl, nous pourrions passer du temps \u00e0 r\u00e9fl\u00e9chir au\u00a0<em>myst\u00e8re<\/em>\u00a0de l&rsquo;Incarnation.\u00a0C&rsquo;est un myst\u00e8re en ce qu&rsquo;il t\u00e9moigne du fait que le Fils de Dieu est devenu \u00abchair\u00bb (Jean 1:14).\u00a0Le Cr\u00e9ateur est devenu une cr\u00e9ature afin de nous sauver du pouvoir du p\u00e9ch\u00e9 et de la mort.<\/p>\n<p>La Nativit\u00e9 peut \u00e9galement \u00eatre comprise comme\u00a0<em>le don de Dieu<\/em>\u00a0\u00e0 la race humaine;\u00a0en Son Fils, Dieu nous a donn\u00e9 le cadeau le plus pr\u00e9cieux qu&rsquo;il pouvait nous accorder.\u00a0Il \u00e9tait le pain du ciel qui nous a \u00e9t\u00e9 donn\u00e9 gratuitement par notre P\u00e8re c\u00e9leste (Jean 6: 48-51).<\/p>\n<p>Mais la Nativit\u00e9 est aussi un\u00a0<em>temps de proclamation<\/em>\u00a0.\u00a0Cette nuit-l\u00e0, les anges ont proclam\u00e9 aux bergers la bonne nouvelle: \u00abN&rsquo;ayez pas peur\u2026.\u00a0Aujourd&rsquo;hui, dans la ville de David, un Sauveur vous est n\u00e9 \u00bb(Luc 2:10, 11).\u00a0Nous devons joindre nos voix \u00e0 celle des anges et proclamer une fois de plus sur toute la plan\u00e8te la glorieuse nouvelle de la paix et de la lib\u00e9ration de la peur et par le Christ, le Seigneur.\u00a0No\u00ebl offre une excellente occasion de rappeler \u00e0 la race humaine que l&rsquo;Enfant n\u00e9 \u00e0 Bethl\u00e9em arrive bient\u00f4t.<\/p>\n<\/div>\n<\/div>\n<\/div>\n<div class=\"field field-name-field-copyright field-type-list-boolean field-label-above\">\n<div class=\"field-label\">Droits d&rsquo;auteur:<\/div>\n<div class=\"field-items\">\n<div class=\"field-item even\"><span class=\"\">Copyright \u00a9 Institute de Recherche Biblique de la Conf\u00e9rence g\u00e9n\u00e9rale des adventistes du septi\u00e8me jour\u00ae<\/span><\/div>\n<\/div>\n<\/div>\n","protected":false},"excerpt":{"rendered":"<p>Auteur: Angel Manuel Rodriguez Chaque ann\u00e9e, je re\u00e7ois des lettres ou des appels t\u00e9l\u00e9phoniques me demandant s&rsquo;il est correct pour les adventistes de c\u00e9l\u00e9brer No\u00ebl. L&rsquo;incertitude est g\u00e9n\u00e9ralement bas\u00e9e sur l&rsquo;absence de toute information biblique sur la date de naissance du Christ et sur la conviction que le 25 d\u00e9cembre a \u00e9t\u00e9 associ\u00e9 \u00e0 une [&hellip;]<\/p>\n","protected":false},"author":57,"featured_media":1741,"comment_status":"open","ping_status":"closed","sticky":false,"template":"","format":"standard","meta":[],"categories":[220,218,217,222],"tags":[794],"aioseo_notices":[],"post_mailing_queue_ids":[],"_links":{"self":[{"href":"https:\/\/www.adventdesk.com\/home\/wp-json\/wp\/v2\/posts\/1739"}],"collection":[{"href":"https:\/\/www.adventdesk.com\/home\/wp-json\/wp\/v2\/posts"}],"about":[{"href":"https:\/\/www.adventdesk.com\/home\/wp-json\/wp\/v2\/types\/post"}],"author":[{"embeddable":true,"href":"https:\/\/www.adventdesk.com\/home\/wp-json\/wp\/v2\/users\/57"}],"replies":[{"embeddable":true,"href":"https:\/\/www.adventdesk.com\/home\/wp-json\/wp\/v2\/comments?post=1739"}],"version-history":[{"count":0,"href":"https:\/\/www.adventdesk.com\/home\/wp-json\/wp\/v2\/posts\/1739\/revisions"}],"wp:featuredmedia":[{"embeddable":true,"href":"https:\/\/www.adventdesk.com\/home\/wp-json\/wp\/v2\/media\/1741"}],"wp:attachment":[{"href":"https:\/\/www.adventdesk.com\/home\/wp-json\/wp\/v2\/media?parent=1739"}],"wp:term":[{"taxonomy":"category","embeddable":true,"href":"https:\/\/www.adventdesk.com\/home\/wp-json\/wp\/v2\/categories?post=1739"},{"taxonomy":"post_tag","embeddable":true,"href":"https:\/\/www.adventdesk.com\/home\/wp-json\/wp\/v2\/tags?post=1739"}],"curies":[{"name":"wp","href":"https:\/\/api.w.org\/{rel}","templated":true}]}}